{"id":19250,"date":"2025-12-29T12:01:15","date_gmt":"2025-12-29T09:01:15","guid":{"rendered":"https:\/\/aymakoop.com.tr\/?p=19250"},"modified":"2026-04-21T11:53:12","modified_gmt":"2026-04-21T08:53:12","slug":"suet-erkek-gunluk-ayakkabi","status":"publish","type":"post","link":"https:\/\/aymakoop.com.tr\/en\/general\/suet-erkek-gunluk-ayakkabi\/","title":{"rendered":"Suede Men&#039;s Casual Shoes"},"content":{"rendered":"<p>Modern tasar\u0131mlar, g\u00fcnl\u00fck kullan\u0131mda konfor ve \u015f\u0131kl\u0131\u011f\u0131 bir araya getirir. Yumu\u015fak dokulu s\u00fcet deri, ayakkab\u0131ya zarif bir g\u00f6r\u00fcn\u00fcm kazand\u0131r\u0131r. G\u00fcn boyu rahatl\u0131k sunar. \u015eehir hayat\u0131nda, i\u015f sonras\u0131 kombinlerde ve hafta sonu stilinde s\u0131k\u00e7a tercih edilir. <strong>S\u00fcet erkek g\u00fcnl\u00fck ayakkab\u0131<\/strong>, pratik bir kullan\u0131m sa\u011flar. Hafif yap\u0131s\u0131 sayesinde y\u00fcr\u00fcy\u00fc\u015flerde aya\u011f\u0131 yormaz. Farkl\u0131 kombinlerle kolayca uyum sa\u011flar ve g\u00fcnl\u00fck stilin g\u00fc\u00e7l\u00fc bir tamamlay\u0131c\u0131s\u0131 olur.<\/p>\n\n\n\n<h2 class=\"wp-block-heading\">S\u00fcet Erkek G\u00fcnl\u00fck Ayakkab\u0131 Modelleri<\/h2>\n\n\n<div class=\"wp-block-image\">\n<figure class=\"alignleft size-large is-resized\"><img fetchpriority=\"high\" decoding=\"async\" width=\"1024\" height=\"536\" src=\"https:\/\/aymakoop.com.tr\/wp-content\/uploads\/2025\/12\/suet-ayakkabi-1-1024x536.jpg\" alt=\"Suede Men&#039;s Casual Shoes\" class=\"wp-image-19253\" style=\"width:309px;height:auto\" title=\"\" srcset=\"https:\/\/aymakoop.com.tr\/wp-content\/uploads\/2025\/12\/suet-ayakkabi-1-1024x536.jpg 1024w, https:\/\/aymakoop.com.tr\/wp-content\/uploads\/2025\/12\/suet-ayakkabi-1-300x157.jpg 300w, https:\/\/aymakoop.com.tr\/wp-content\/uploads\/2025\/12\/suet-ayakkabi-1-768x402.jpg 768w, https:\/\/aymakoop.com.tr\/wp-content\/uploads\/2025\/12\/suet-ayakkabi-1-18x9.jpg 18w, https:\/\/aymakoop.com.tr\/wp-content\/uploads\/2025\/12\/suet-ayakkabi-1-700x366.jpg 700w, https:\/\/aymakoop.com.tr\/wp-content\/uploads\/2025\/12\/suet-ayakkabi-1.jpg 1200w\" sizes=\"(max-width: 1024px) 100vw, 1024px\" \/><\/figure>\n<\/div>\n\n\n<p>G\u00fcnl\u00fck ayakkab\u0131 modelleri, erkek giyiminde konfor ve stil dengesini kuran par\u00e7alardand\u0131r. \u00d6zellikle \u015fehir hayat\u0131nda yo\u011fun tempo i\u00e7inde kullan\u0131lan ayakkab\u0131lar\u0131n hem rahat hem de estetik olmas\u0131 beklenir. Bu nedenle tasar\u0131m, malzeme ve kullan\u0131m kolayl\u0131\u011f\u0131 model se\u00e7iminde belirleyici olur.<\/p>\n\n\n\n<p>Farkl\u0131 tasar\u0131m anlay\u0131\u015flar\u0131yla sunulan <strong>s\u00fcet erkek g\u00fcnl\u00fck ayakkab\u0131<\/strong> modelleri, spor ve klasik \u00e7izgileri bir arada sunar. Ba\u011fc\u0131kl\u0131 modeller daha klasik bir duru\u015f sergilerken, ba\u011fc\u0131ks\u0131z ve slip-on se\u00e7enekler pratik kullan\u0131m sa\u011flar. Minimal detaylara sahip tasar\u0131mlar sade kombinler i\u00e7in idealdir.<\/p>\n\n\n\n<p>Renk se\u00e7enekleri de model \u00e7e\u015fitlili\u011fini art\u0131r\u0131r. Bej, kahverengi ve lacivert gibi tonlar g\u00fcnl\u00fck kombinlerde s\u0131k\u00e7a tercih edilir. Bu renkler hem jean hem de chino pantolonlarla uyum sa\u011flar. Mat dokusu sayesinde ayakkab\u0131, kombine do\u011fal bir \u015f\u0131kl\u0131k katar.<\/p>\n\n\n\n<p>Koleksiyonlarda yer alan <strong>s\u00fcet erkek g\u00fcnl\u00fck ayakkab\u0131<\/strong> se\u00e7enekleri; taban yap\u0131s\u0131 ve burun formuna g\u00f6re de farkl\u0131la\u015f\u0131r. D\u00fcz tabanl\u0131 modeller g\u00fcn boyu konfor sunar. Hafif y\u00fckseltilmi\u015f tabanlar ise daha dinamik bir g\u00f6r\u00fcn\u00fcm sa\u011flar. Esnek yap\u0131, y\u00fcr\u00fcy\u00fc\u015f s\u0131ras\u0131nda rahatl\u0131k kazand\u0131r\u0131r.<\/p>\n\n\n\n<p>Sonu\u00e7 olarak model se\u00e7imi yap\u0131l\u0131rken kullan\u0131m al\u0131\u015fkanl\u0131klar\u0131 g\u00f6z \u00f6n\u00fcnde bulundurulmal\u0131d\u0131r. G\u00fcnl\u00fck tempoya uyum sa\u011flayan tasar\u0131mlar uzun vadede daha fazla memnuniyet sunar. Do\u011fru model, stilinizi tamamlar ve rahatl\u0131\u011f\u0131 \u00f6n planda tutar. Bu ayakkab\u0131lar, modern erkek gard\u0131robunun vazge\u00e7ilmez par\u00e7alar\u0131 aras\u0131nda yer al\u0131r.<\/p>\n\n\n\n<h3 class=\"wp-block-heading\">S\u00fcet Erkek G\u00fcnl\u00fck Ayakkab\u0131 Avantajlar\u0131<\/h3>\n\n\n\n<p>G\u00fcnl\u00fck ayakkab\u0131 se\u00e7iminde konfor her zaman \u00f6n planda olmal\u0131d\u0131r. G\u00fcn boyu ayakta kalan ya da s\u0131k y\u00fcr\u00fcyen erkekler i\u00e7in do\u011fru ayakkab\u0131 b\u00fcy\u00fck fark yarat\u0131r. Yanl\u0131\u015f se\u00e7im, hem ayak sa\u011fl\u0131\u011f\u0131n\u0131 hem de g\u00fcnl\u00fck performans\u0131 olumsuz etkiler. Bu nedenle kullan\u0131lan malzeme ve tasar\u0131m detaylar\u0131 dikkatle de\u011ferlendirilmelidir.<\/p>\n\n\n\n<p>S\u00fcet malzeme, yumu\u015fak dokusu sayesinde aya\u011f\u0131 s\u0131kmaz. Nefes alabilen yap\u0131s\u0131, terleme sorununu azalt\u0131r. Hafifli\u011fi, ad\u0131m atarken do\u011fal bir his sunar. Bu \u00f6zellikler, g\u00fcnl\u00fck kullan\u0131mda rahatl\u0131\u011f\u0131 art\u0131r\u0131r. Ayn\u0131 zamanda sade ama \u015f\u0131k bir g\u00f6r\u00fcn\u00fcm elde edilmesine yard\u0131mc\u0131 olur.<\/p>\n\n\n\n<p>Konfor ve esteti\u011fi bir arada sunan <strong>s\u00fcet erkek g\u00fcnl\u00fck ayakkab\u0131<\/strong>, g\u00fcnl\u00fck tempoya kolayca uyum sa\u011flar. Esnek taban yap\u0131s\u0131 y\u00fcr\u00fcy\u00fc\u015f s\u0131ras\u0131nda destek sunar. Aya\u011f\u0131n do\u011fal hareketini k\u0131s\u0131tlamaz. Bu durum, uzun s\u00fcreli kullan\u0131mlarda yorgunlu\u011fu azalt\u0131r ve g\u00fcn boyu rahatl\u0131k sa\u011flar.<\/p>\n\n\n\n<p>Bu ayakkab\u0131lar\u0131n bir di\u011fer avantaj\u0131 kombin kolayl\u0131\u011f\u0131d\u0131r. Spor ve casual giyimle rahat\u00e7a uyum sa\u011flar. Jean, chino ve kuma\u015f pantolonlarla birlikte kullan\u0131labilir. Bu da gard\u0131ropta \u00e7ok y\u00f6nl\u00fc bir par\u00e7a olmas\u0131n\u0131 sa\u011flar. Farkl\u0131 ortamlara uyum g\u00f6sterebilmesi \u00f6nemli bir art\u0131d\u0131r.<\/p>\n\n\n\n<p>Sonu\u00e7 olarak bu ayakkab\u0131lar, g\u00fcnl\u00fck ya\u015famda pratik ve \u015f\u0131k bir \u00e7\u00f6z\u00fcm sunar. Do\u011fru bak\u0131m yap\u0131ld\u0131\u011f\u0131nda uzun s\u00fcre formunu korur. Hem rahatl\u0131k hem de estetik beklentisini kar\u015f\u0131lar. G\u00fcnl\u00fck stiline \u00f6nem veren erkekler i\u00e7in g\u00fc\u00e7l\u00fc bir alternatiftir.<\/p>\n\n\n\n<h3 class=\"wp-block-heading\">S\u00fcet Erkek G\u00fcnl\u00fck Ayakkab\u0131 Kullan\u0131m Alanlar\u0131<\/h3>\n\n\n<div class=\"wp-block-image\">\n<figure class=\"alignright size-large is-resized\"><img decoding=\"async\" width=\"1024\" height=\"536\" src=\"https:\/\/aymakoop.com.tr\/wp-content\/uploads\/2025\/12\/suet-ayakkabi-2-1024x536.jpg\" alt=\"Suede Men&#039;s Casual Shoes\" class=\"wp-image-19252\" style=\"width:376px;height:auto\" title=\"\" srcset=\"https:\/\/aymakoop.com.tr\/wp-content\/uploads\/2025\/12\/suet-ayakkabi-2-1024x536.jpg 1024w, https:\/\/aymakoop.com.tr\/wp-content\/uploads\/2025\/12\/suet-ayakkabi-2-300x157.jpg 300w, https:\/\/aymakoop.com.tr\/wp-content\/uploads\/2025\/12\/suet-ayakkabi-2-768x402.jpg 768w, https:\/\/aymakoop.com.tr\/wp-content\/uploads\/2025\/12\/suet-ayakkabi-2-18x9.jpg 18w, https:\/\/aymakoop.com.tr\/wp-content\/uploads\/2025\/12\/suet-ayakkabi-2-700x366.jpg 700w, https:\/\/aymakoop.com.tr\/wp-content\/uploads\/2025\/12\/suet-ayakkabi-2.jpg 1200w\" sizes=\"(max-width: 1024px) 100vw, 1024px\" \/><\/figure>\n<\/div>\n\n\n<p>G\u00fcnl\u00fck ayakkab\u0131lar, erkek giyiminde hem konfor hem de stil a\u00e7\u0131s\u0131ndan \u00f6nemli bir yere sahiptir. \u015fehir temposunda kullan\u0131lan ayakkab\u0131lar\u0131n rahat beklenir. Bu nedenle kullan\u0131m alanlar\u0131 geni\u015f olan modeller her zaman daha fazla tercih edilir. Do\u011fru ayakkab\u0131, g\u00fcn\u00fcn ak\u0131\u015f\u0131n\u0131 kolayla\u015ft\u0131r\u0131r.<\/p>\n\n\n\n<p>\u015eehir hayat\u0131nda, ofis d\u0131\u015f\u0131 zamanlarda ve sosyal aktivitelerde <strong>s\u00fcet erkek g\u00fcnl\u00fck ayakkab\u0131<\/strong> rahat bir kullan\u0131m sunar. G\u00fcnl\u00fck y\u00fcr\u00fcy\u00fc\u015flerde aya\u011f\u0131 yormaz. Kafe bulu\u015fmalar\u0131, al\u0131\u015fveri\u015f ve k\u0131sa seyahatler i\u00e7in idealdir. Hem spor hem de casual kombinlerle uyum sa\u011flayarak pratik bir \u00e7\u00f6z\u00fcm olu\u015fturur.<\/p>\n\n\n\n<p>Hafta sonu planlar\u0131nda bu ayakkab\u0131lar s\u0131k\u00e7a tercih edilir. Rahat yap\u0131s\u0131 sayesinde uzun s\u00fcreli kullan\u0131mlarda konfor sa\u011flar. Arkada\u015f bulu\u015fmalar\u0131 ve a\u00e7\u0131k hava etkinliklerinde stil sahibi bir g\u00f6r\u00fcn\u00fcm sunar. Ayn\u0131 zamanda sade tasar\u0131m\u0131yla dikkat \u00e7ekmeden \u015f\u0131kl\u0131k kazand\u0131r\u0131r.<\/p>\n\n\n\n<p>Yar\u0131 resmi ortamlarda da kullan\u0131labilir. Smart casual giyim tarz\u0131n\u0131 benimseyen erkekler i\u00e7in uygun bir alternatiftir. Kuma\u015f pantolon ve g\u00f6mlek kombinleriyle dengeli bir g\u00f6r\u00fcn\u00fcm elde edilir. Resmi olmayan i\u015f toplant\u0131lar\u0131 ve g\u00fcnl\u00fck ofis ortamlar\u0131nda rahatl\u0131kla tercih edilebilir.<\/p>\n\n\n\n<p>Sonu\u00e7 olarak bu ayakkab\u0131lar\u0131n kullan\u0131m alan\u0131 olduk\u00e7a geni\u015ftir. G\u00fcnl\u00fck ya\u015fam\u0131n farkl\u0131 anlar\u0131na kolayca uyum sa\u011flar. Konfor ve \u015f\u0131kl\u0131\u011f\u0131 bir arada sunmas\u0131, onu vazge\u00e7ilmez k\u0131lar. Do\u011fru kombinlerle her ortamda dengeli ve \u00f6zenli bir stil olu\u015fturmak m\u00fcmk\u00fcnd\u00fcr.<\/p>\n\n\n\n<h3 class=\"wp-block-heading\">S\u00fcet Erkek G\u00fcnl\u00fck Ayakkab\u0131 Kullan\u0131rken Dikkat Edilmesi Gerekenler?<\/h3>\n\n\n\n<p>S\u00fcet ayakkab\u0131lar \u015f\u0131k g\u00f6r\u00fcn\u00fcm\u00fcyle \u00f6ne \u00e7\u0131ksa da do\u011fru kullan\u0131m gerektirir. \u0130lk olarak hava ko\u015fullar\u0131 g\u00f6z \u00f6n\u00fcnde bulundurulmal\u0131d\u0131r. S\u00fcet, suya ve yo\u011fun neme kar\u015f\u0131 hassas bir malzemedir. Ya\u011f\u0131\u015fl\u0131 havalarda kullan\u0131m\u0131 ayakkab\u0131n\u0131n formunu ve dokusunu olumsuz etkileyebilir. Bu nedenle kuru hava ko\u015fullar\u0131 daha uygundur.<\/p>\n\n\n\n<p>Temizlik ve bak\u0131m s\u00fcreci de b\u00fcy\u00fck \u00f6nem ta\u015f\u0131r. S\u00fcet y\u00fczey, klasik ayakkab\u0131lar gibi silinerek temizlenmez. \u00d6zel s\u00fcet f\u0131r\u00e7alar\u0131 ve bak\u0131m \u00fcr\u00fcnleri kullan\u0131lmal\u0131d\u0131r. D\u00fczenli f\u0131r\u00e7alama, toz ve kirin y\u00fczeye i\u015flemesini engeller. Bu sayede ayakkab\u0131 daha uzun s\u00fcre temiz ve bak\u0131ml\u0131 g\u00f6r\u00fcn\u00fcr.<\/p>\n\n\n\n<p>Kullan\u0131m s\u0131kl\u0131\u011f\u0131 da dikkat edilmesi gereken bir di\u011fer noktad\u0131r. Ayn\u0131 ayakkab\u0131n\u0131n her g\u00fcn giyilmesi, malzemenin y\u0131pranmas\u0131na neden olabilir. Ayakkab\u0131y\u0131 dinlendirmek, s\u00fcetin do\u011fal yap\u0131s\u0131n\u0131 korumas\u0131na yard\u0131mc\u0131 olur. Ayr\u0131ca uygun kal\u0131p ve do\u011fru numara se\u00e7imi, konfor a\u00e7\u0131s\u0131ndan \u00f6nemlidir. Aya\u011f\u0131 s\u0131kan ya da bol gelen modeller kullan\u0131m keyfini d\u00fc\u015f\u00fcr\u00fcr.<\/p>\n\n\n\n<p>Kombin se\u00e7imi de s\u00fcet ayakkab\u0131n\u0131n \u00f6mr\u00fcn\u00fc etkiler. A\u015f\u0131r\u0131 spor ya da zorlu kullan\u0131m gerektiren aktiviteler i\u00e7in uygun de\u011fildir. Daha \u00e7ok \u015fehir hayat\u0131na ve g\u00fcnl\u00fck tempoya uygun kombinlerle tercih edilmelidir. B\u00f6ylece hem \u015f\u0131kl\u0131k korunur hem de ayakkab\u0131 zarar g\u00f6rmez.<\/p>\n\n\n\n<p>T\u00fcm bu detaylar dikkate al\u0131nd\u0131\u011f\u0131nda do\u011fru kullan\u0131m b\u00fcy\u00fck fark yarat\u0131r. Bu noktada <strong>s\u00fcet erkek g\u00fcnl\u00fck ayakkab\u0131<\/strong>, yaln\u0131zca \u015f\u0131k bir par\u00e7a olarak de\u011ferlendirilmemelidir. Bak\u0131m s\u00fcreci, kullan\u0131m ko\u015fullar\u0131 ve do\u011fru kombin anlay\u0131\u015f\u0131 da birlikte ele al\u0131nmal\u0131d\u0131r. Bu yakla\u015f\u0131m, hem konforu hem de ayakkab\u0131n\u0131n kullan\u0131m \u00f6mr\u00fcn\u00fc art\u0131r\u0131r.<\/p>","protected":false},"excerpt":{"rendered":"<p>Modern tasar\u0131mlar, g\u00fcnl\u00fck kullan\u0131mda konfor ve \u015f\u0131kl\u0131\u011f\u0131 bir araya getirir. Yumu\u015fak dokulu s\u00fcet deri, ayakkab\u0131ya zarif bir g\u00f6r\u00fcn\u00fcm kazand\u0131r\u0131r. G\u00fcn boyu rahatl\u0131k sunar. \u015eehir hayat\u0131nda, i\u015f sonras\u0131 kombinlerde ve hafta sonu stilinde s\u0131k\u00e7a tercih edilir. S\u00fcet erkek g\u00fcnl\u00fck ayakkab\u0131, pratik bir kullan\u0131m sa\u011flar. Hafif yap\u0131s\u0131 sayesinde y\u00fcr\u00fcy\u00fc\u015flerde aya\u011f\u0131 yormaz. Farkl\u0131 kombinlerle kolayca uyum sa\u011flar ve [&hellip;]<\/p>","protected":false},"author":1,"featured_media":19251,"comment_status":"closed","ping_status":"open","sticky":false,"template":"","format":"standard","meta":{"footnotes":""},"categories":[1],"tags":[],"class_list":["post-19250","post","type-post","status-publish","format-standard","has-post-thumbnail","hentry","category-genel"],"_links":{"self":[{"href":"https:\/\/aymakoop.com.tr\/en\/wp-json\/wp\/v2\/posts\/19250","targetHints":{"allow":["GET"]}}],"collection":[{"href":"https:\/\/aymakoop.com.tr\/en\/wp-json\/wp\/v2\/posts"}],"about":[{"href":"https:\/\/aymakoop.com.tr\/en\/wp-json\/wp\/v2\/types\/post"}],"author":[{"embeddable":true,"href":"https:\/\/aymakoop.com.tr\/en\/wp-json\/wp\/v2\/users\/1"}],"replies":[{"embeddable":true,"href":"https:\/\/aymakoop.com.tr\/en\/wp-json\/wp\/v2\/comments?post=19250"}],"version-history":[{"count":1,"href":"https:\/\/aymakoop.com.tr\/en\/wp-json\/wp\/v2\/posts\/19250\/revisions"}],"predecessor-version":[{"id":19254,"href":"https:\/\/aymakoop.com.tr\/en\/wp-json\/wp\/v2\/posts\/19250\/revisions\/19254"}],"wp:featuredmedia":[{"embeddable":true,"href":"https:\/\/aymakoop.com.tr\/en\/wp-json\/wp\/v2\/media\/19251"}],"wp:attachment":[{"href":"https:\/\/aymakoop.com.tr\/en\/wp-json\/wp\/v2\/media?parent=19250"}],"wp:term":[{"taxonomy":"category","embeddable":true,"href":"https:\/\/aymakoop.com.tr\/en\/wp-json\/wp\/v2\/categories?post=19250"},{"taxonomy":"post_tag","embeddable":true,"href":"https:\/\/aymakoop.com.tr\/en\/wp-json\/wp\/v2\/tags?post=19250"}],"curies":[{"name":"wp","href":"https:\/\/api.w.org\/{rel}","templated":true}]}}