{"id":19027,"date":"2025-11-20T12:23:15","date_gmt":"2025-11-20T09:23:15","guid":{"rendered":"https:\/\/aymakoop.com.tr\/?p=19027"},"modified":"2026-04-21T11:53:30","modified_gmt":"2026-04-21T08:53:30","slug":"kadin-kahverengi-cizme","status":"publish","type":"post","link":"https:\/\/aymakoop.com.tr\/de\/allgemein\/kadin-kahverengi-cizme\/","title":{"rendered":"Kad\u0131n Kahverengi \u00c7izme"},"content":{"rendered":"<p>\u015e\u0131k ve dayan\u0131kl\u0131 tasar\u0131m\u0131yla \u00f6ne \u00e7\u0131kan bu model, so\u011fuk havalarda aya\u011f\u0131 s\u0131cak tutar ve rahat bir kullan\u0131m sunar. <strong>Kad\u0131n kahverengi \u00e7izme<\/strong>, farkl\u0131 kombinlerle kolayca uyum sa\u011flar ve g\u00fcnl\u00fck kullan\u0131m i\u00e7in idealdir. Dayan\u0131kl\u0131 taban\u0131 sayesinde y\u00fcr\u00fcy\u00fc\u015flerde g\u00fcven verir, kaliteli malzemesi ise uzun \u00f6m\u00fcrl\u00fc kullan\u0131m sa\u011flar.<\/p>\n\n\n\n<h2 class=\"wp-block-heading\">Kad\u0131n Kahverengi \u00c7izme Avantajlar\u0131 Nelerdir?<\/h2>\n\n\n<div class=\"wp-block-image\">\n<figure class=\"alignleft size-large is-resized\"><img fetchpriority=\"high\" decoding=\"async\" width=\"1024\" height=\"536\" src=\"https:\/\/aymakoop.com.tr\/wp-content\/uploads\/2025\/11\/kadin-kahverengi-cizme-1-1024x536.jpg\" alt=\"Kad\u0131n Kahverengi \u00c7izme\" class=\"wp-image-19028\" style=\"width:336px;height:auto\" title=\"\" srcset=\"https:\/\/aymakoop.com.tr\/wp-content\/uploads\/2025\/11\/kadin-kahverengi-cizme-1-1024x536.jpg 1024w, https:\/\/aymakoop.com.tr\/wp-content\/uploads\/2025\/11\/kadin-kahverengi-cizme-1-300x157.jpg 300w, https:\/\/aymakoop.com.tr\/wp-content\/uploads\/2025\/11\/kadin-kahverengi-cizme-1-768x402.jpg 768w, https:\/\/aymakoop.com.tr\/wp-content\/uploads\/2025\/11\/kadin-kahverengi-cizme-1-18x9.jpg 18w, https:\/\/aymakoop.com.tr\/wp-content\/uploads\/2025\/11\/kadin-kahverengi-cizme-1-700x366.jpg 700w, https:\/\/aymakoop.com.tr\/wp-content\/uploads\/2025\/11\/kadin-kahverengi-cizme-1.jpg 1200w\" sizes=\"(max-width: 1024px) 100vw, 1024px\" \/><\/figure>\n<\/div>\n\n\n<p>Ayakkab\u0131 se\u00e7imi, hem rahatl\u0131k hem de \u015f\u0131kl\u0131k a\u00e7\u0131s\u0131ndan b\u00fcy\u00fck \u00f6nem ta\u015f\u0131r. G\u00fcn boyu konfor sa\u011flayan modeller, y\u00fcr\u00fcy\u00fc\u015fleri keyifli h\u00e2le getirir ve ayak yorgunlu\u011funu azalt\u0131r. Hafif yap\u0131lar ve nefes alabilen malzemeler, ayaklar\u0131 kuru ve sa\u011fl\u0131kl\u0131 tutar. Dayan\u0131kl\u0131 tabanlar, farkl\u0131 zeminlerde g\u00fcvenli ad\u0131mlar atmay\u0131 m\u00fcmk\u00fcn k\u0131lar.<\/p>\n\n\n\n<p>G\u00fcnl\u00fck kullan\u0131mda b\u00fcy\u00fck rahatl\u0131k sunan <strong>kad\u0131n kahverengi \u00e7izme<\/strong>, \u015f\u0131k tasar\u0131m\u0131yla farkl\u0131 kombinlerle uyum sa\u011flar. Al\u0131\u015fveri\u015f veya geziler s\u0131ras\u0131nda aya\u011fa destek olur ve uzun s\u00fcreli kullan\u0131mlarda konforu korur. Hafif ve kaliteli malzemeler, ayak sa\u011fl\u0131\u011f\u0131n\u0131 desteklerken dayan\u0131kl\u0131 taban\u0131 g\u00fcvenli ad\u0131mlar sa\u011flar.<\/p>\n\n\n\n<p>Ayakkab\u0131 se\u00e7erken kullan\u0131m alan\u0131na dikkat etmek gerekir. Spor veya casual kombinlerde tercih edilebilecek modeller, farkl\u0131 ortamlarda rahatl\u0131k sunar. Ayak yap\u0131s\u0131na uygun \u00f6l\u00e7\u00fc ve esneklik, konforu art\u0131r\u0131r. Kaliteli malzemeler ve sa\u011flam tasar\u0131m, ayakkab\u0131n\u0131n \u00f6mr\u00fcn\u00fc uzat\u0131r ve kullan\u0131m deneyimini iyile\u015ftirir. Renk ve tasar\u0131m ise ki\u015fisel tarz\u0131 yans\u0131tacak \u015fekilde se\u00e7ilmelidir.<\/p>\n\n\n\n<p>Estetik ve fonksiyonelli\u011fi bir arada sunan bu model, uzun y\u00fcr\u00fcy\u00fc\u015flerde bile rahatl\u0131k sa\u011flar. <strong>Kad\u0131n kahverengi \u00e7izme,<\/strong> hafif yap\u0131s\u0131 ve dayan\u0131kl\u0131 taban\u0131 ile g\u00fcnl\u00fck ya\u015famda ideal bir tercihtir. Farkl\u0131 kombin se\u00e7enekleri ile her ortamda \u015f\u0131kl\u0131\u011f\u0131 yakalamak m\u00fcmk\u00fcnd\u00fcr. Nefes alabilen \u00f6zellikleri sayesinde ayak sa\u011fl\u0131\u011f\u0131 korunur ve kullan\u0131c\u0131 g\u00fcvenli bir deneyim ya\u015far.<\/p>\n\n\n\n<h3 class=\"wp-block-heading\">Kad\u0131n Kahverengi \u00c7izme \u00d6nemi Nedir?<\/h3>\n\n\n\n<p>Ayakkab\u0131 se\u00e7imi, g\u00fcnl\u00fck ya\u015famda rahatl\u0131k ve \u015f\u0131kl\u0131k a\u00e7\u0131s\u0131ndan b\u00fcy\u00fck \u00f6nem ta\u015f\u0131r. Do\u011fru model, aya\u011f\u0131 destekler ve g\u00fcn boyu konfor sa\u011flar. Hafif yap\u0131lar y\u00fcr\u00fcy\u00fc\u015fleri kolayla\u015ft\u0131r\u0131r. Nefes alabilen malzemeler ayaklar\u0131 kuru ve sa\u011fl\u0131kl\u0131 tutar. Dayan\u0131kl\u0131 tabanlar ise farkl\u0131 zeminlerde g\u00fcvenli ad\u0131mlar atmay\u0131 m\u00fcmk\u00fcn k\u0131lar.<\/p>\n\n\n\n<p>Ayakkab\u0131 sadece konfor i\u00e7in de\u011fil, stil i\u00e7in de gereklidir. \u015e\u0131k ve sade tasar\u0131mlar her kombinle uyum sa\u011flar. Spor veya casual tarzlarda rahatl\u0131k sunar. Malzeme kalitesi ve sa\u011flam yap\u0131s\u0131, uzun s\u00fcreli kullan\u0131mda fark yarat\u0131r. Aya\u011f\u0131n yap\u0131s\u0131na uygun \u00f6l\u00e7\u00fc ve esneklik konforu art\u0131r\u0131r ve yorgunlu\u011fu \u00f6nler.<\/p>\n\n\n\n<p><strong>Kad\u0131n kahverengi \u00e7izme<\/strong>, t\u00fcm bu ihtiya\u00e7lar\u0131 kar\u015f\u0131layan ideal bir se\u00e7enektir. Hafif ve dayan\u0131kl\u0131 yap\u0131s\u0131, uzun y\u00fcr\u00fcy\u00fc\u015flerde bile rahatl\u0131k sa\u011flar. Nefes alabilen \u00f6zellikleri, ayak sa\u011fl\u0131\u011f\u0131n\u0131 korur. Estetik tasar\u0131m\u0131 farkl\u0131 kombinlerle uyum sa\u011flar ve stilinizi tamamlar. Dayan\u0131kl\u0131 taban\u0131, g\u00fcnl\u00fck kullan\u0131mda g\u00fcvenli ad\u0131mlar atmay\u0131 m\u00fcmk\u00fcn k\u0131lar ve modeli hem fonksiyonel hem de \u015f\u0131k bir se\u00e7enek h\u00e2line getirir.<\/p>\n\n\n\n<p>G\u00fcnl\u00fck ya\u015famda do\u011fru ayakkab\u0131 se\u00e7imi, ya\u015fam kalitesini art\u0131r\u0131r. Uzun s\u00fcreli konfor sa\u011flayan modeller, enerji seviyesini y\u00fcksek tutar ve her ad\u0131m\u0131 keyifli h\u00e2le getirir. Farkl\u0131 renk ve tasar\u0131m se\u00e7enekleri, ki\u015fisel tarz\u0131 yans\u0131tman\u0131za yard\u0131mc\u0131 olur. Dayan\u0131kl\u0131 ve kaliteli ayakkab\u0131lar, sadece estetik de\u011fil, ayn\u0131 zamanda sa\u011fl\u0131k a\u00e7\u0131s\u0131ndan da yat\u0131r\u0131m de\u011ferindedir.<\/p>\n\n\n\n<h3 class=\"wp-block-heading\">Kad\u0131n Kahverengi \u00c7izme Kullan\u0131m Alanlar\u0131 Nerelerdir?<\/h3>\n\n\n<div class=\"wp-block-image\">\n<figure class=\"alignright size-large is-resized\"><img decoding=\"async\" width=\"1024\" height=\"536\" src=\"https:\/\/aymakoop.com.tr\/wp-content\/uploads\/2025\/11\/kadin-kahverengi-cizme-2-1024x536.jpg\" alt=\"Kad\u0131n Kahverengi \u00c7izme\" class=\"wp-image-19029\" style=\"width:326px;height:auto\" title=\"\" srcset=\"https:\/\/aymakoop.com.tr\/wp-content\/uploads\/2025\/11\/kadin-kahverengi-cizme-2-1024x536.jpg 1024w, https:\/\/aymakoop.com.tr\/wp-content\/uploads\/2025\/11\/kadin-kahverengi-cizme-2-300x157.jpg 300w, https:\/\/aymakoop.com.tr\/wp-content\/uploads\/2025\/11\/kadin-kahverengi-cizme-2-768x402.jpg 768w, https:\/\/aymakoop.com.tr\/wp-content\/uploads\/2025\/11\/kadin-kahverengi-cizme-2-18x9.jpg 18w, https:\/\/aymakoop.com.tr\/wp-content\/uploads\/2025\/11\/kadin-kahverengi-cizme-2-700x366.jpg 700w, https:\/\/aymakoop.com.tr\/wp-content\/uploads\/2025\/11\/kadin-kahverengi-cizme-2.jpg 1200w\" sizes=\"(max-width: 1024px) 100vw, 1024px\" \/><\/figure>\n<\/div>\n\n\n<p>G\u00fcnl\u00fck hayatta do\u011fru ayakkab\u0131 se\u00e7imi, rahatl\u0131k ve \u015f\u0131kl\u0131k a\u00e7\u0131s\u0131ndan \u00f6nemlidir. <strong>Kad\u0131n kahverengi \u00e7izme, <\/strong>bu a\u00e7\u0131dan ideal bir tercihtir. Hafif ve nefes alabilen yap\u0131s\u0131, uzun y\u00fcr\u00fcy\u00fc\u015flerde bile aya\u011f\u0131 yormaz. Dayan\u0131kl\u0131 taban\u0131, farkl\u0131 zeminlerde g\u00fcvenli ad\u0131mlar atmay\u0131 m\u00fcmk\u00fcn k\u0131lar. Estetik tasar\u0131m\u0131, farkl\u0131 kombinlerle uyum sa\u011flar ve her ortamda \u015f\u0131kl\u0131k sunar.<\/p>\n\n\n\n<p>Kullan\u0131m alanlar\u0131 olduk\u00e7a geni\u015ftir. Al\u0131\u015fveri\u015f, i\u015f gezileri veya arkada\u015f bulu\u015fmalar\u0131 s\u0131ras\u0131nda rahat hareket imk\u00e2n\u0131 sa\u011flar. Parkta veya sahilde yap\u0131lan y\u00fcr\u00fcy\u00fc\u015flerde konfor sunar. Tatil ve a\u00e7\u0131k hava etkinliklerinde, hem \u015f\u0131kl\u0131\u011f\u0131 hem de fonksiyonelli\u011fi bir arada sunar. Bu y\u00f6n\u00fcyle, farkl\u0131 ya\u015fam tarzlar\u0131na ve mekanlara uyum sa\u011flar.<\/p>\n\n\n\n<p>Ayakkab\u0131 se\u00e7erken dikkat edilmesi gereken bir di\u011fer unsur, aya\u011f\u0131n yap\u0131s\u0131na uygun \u00f6l\u00e7\u00fc ve esnekliktir. Do\u011fru tasar\u0131m ve kaliteli malzeme, kullan\u0131m deneyimini iyile\u015ftirir ve ayak sa\u011fl\u0131\u011f\u0131n\u0131 destekler. Kaymaz tabanlar ve dayan\u0131kl\u0131 diki\u015fler, uzun s\u00fcreli kullan\u0131mlarda fark yarat\u0131r. Hafif yap\u0131s\u0131 sayesinde g\u00fcn boyu rahatl\u0131k sunar ve yorgunlu\u011fu azalt\u0131r.<\/p>\n\n\n\n<p>Uzun s\u00fcreli konfor ve \u015f\u0131kl\u0131\u011f\u0131 bir arada sunan bu model, g\u00fcnl\u00fck ya\u015famda her ad\u0131m\u0131 keyifli h\u00e2le getirir. Farkl\u0131 kombin se\u00e7enekleri ile stilinizi tamamlar ve her ortamda g\u00fcvenli kullan\u0131m sa\u011flar. Dayan\u0131kl\u0131 yap\u0131s\u0131, aya\u011fa destek olur ve g\u00fcnl\u00fck aktivitelerde performans\u0131 art\u0131r\u0131r.<strong> Kad\u0131n kahverengi \u00e7izme<\/strong>, fonksiyonellik sunar. Ayn\u0131 zamanda esteti\u011fi de bir araya getirir ve ideal bir tercihtir.<\/p>\n\n\n\n<h3 class=\"wp-block-heading\">Kad\u0131n Kahverengi \u00c7izme Se\u00e7erken Nelere Dikkat Edilmelidir?<\/h3>\n\n\n\n<p>Ayakkab\u0131 se\u00e7imi, hem rahatl\u0131k hem de sa\u011fl\u0131k a\u00e7\u0131s\u0131ndan b\u00fcy\u00fck \u00f6nem ta\u015f\u0131r. G\u00fcn boyu konfor sa\u011flayan modeller, y\u00fcr\u00fcy\u00fc\u015fleri kolayla\u015ft\u0131r\u0131r ve ayak yorgunlu\u011funu azalt\u0131r. Hafif yap\u0131lar, aya\u011f\u0131n do\u011fal hareketini destekler. Nefes alabilen materyaller, ayaklar\u0131 kuru ve sa\u011fl\u0131kl\u0131 tutar. Dayan\u0131kl\u0131 tabanlar ise farkl\u0131 zeminlerde g\u00fcvenli ad\u0131mlar atmay\u0131 m\u00fcmk\u00fcn k\u0131lar.<\/p>\n\n\n\n<p>Malzeme kalitesi, ayakkab\u0131n\u0131n kullan\u0131m \u00f6mr\u00fcn\u00fc do\u011frudan etkiler. Deri veya kaliteli kuma\u015flar, uzun s\u00fcreli kullan\u0131mda fark yarat\u0131r. Taban\u0131n sa\u011flaml\u0131\u011f\u0131 ve kaymaz yap\u0131s\u0131, y\u00fcr\u00fcy\u00fc\u015flerde g\u00fcveni art\u0131r\u0131r. Diki\u015f ve yap\u0131 kalitesi, aya\u011f\u0131n rahat hareket etmesini sa\u011flar. Esnek ve dayan\u0131kl\u0131 tabanlar, her ad\u0131m\u0131 konforlu h\u00e2le getirir.<\/p>\n\n\n\n<p>Stil ve kullan\u0131m alan\u0131 da se\u00e7imde \u00f6nemlidir. Spor, casual veya hafif \u015f\u0131k kombinlerde tercih edilebilecek modeller vard\u0131r. Bu modeller, farkl\u0131 ortamlarda rahatl\u0131k sunar.. Aya\u011f\u0131n \u00f6l\u00e7\u00fcs\u00fcne uygun, esnek ve destekleyici modeller, uzun s\u00fcreli kullan\u0131mda konfor sa\u011flar. Renk ve tasar\u0131m ise ki\u015fisel tarz\u0131 yans\u0131tacak \u015fekilde se\u00e7ilmelidir.<\/p>\n\n\n\n<p>Son olarak,<strong> kad\u0131n kahverengi \u00e7izme, <\/strong>hem estetik hem de fonksiyonellik a\u00e7\u0131s\u0131ndan do\u011fru tercihleri sunar. Hafif ve nefes alabilen yap\u0131s\u0131, ayak sa\u011fl\u0131\u011f\u0131n\u0131 destekler. Dayan\u0131kl\u0131 taban\u0131 uzun s\u00fcreli kullan\u0131mlarda rahatl\u0131\u011f\u0131 korur. Farkl\u0131 kombinlerle uyum sa\u011flayan tasar\u0131m\u0131, g\u00fcnl\u00fck ya\u015famda her ad\u0131m\u0131 keyifli h\u00e2le getirir. Bu nedenle se\u00e7im yaparken kalite, konfor ve stil dengesi g\u00f6z \u00f6n\u00fcnde bulundurulmal\u0131d\u0131r.<\/p>","protected":false},"excerpt":{"rendered":"<p>\u015e\u0131k ve dayan\u0131kl\u0131 tasar\u0131m\u0131yla \u00f6ne \u00e7\u0131kan bu model, so\u011fuk havalarda aya\u011f\u0131 s\u0131cak tutar ve rahat bir kullan\u0131m sunar. Kad\u0131n kahverengi \u00e7izme, farkl\u0131 kombinlerle kolayca uyum sa\u011flar ve g\u00fcnl\u00fck kullan\u0131m i\u00e7in idealdir. Dayan\u0131kl\u0131 taban\u0131 sayesinde y\u00fcr\u00fcy\u00fc\u015flerde g\u00fcven verir, kaliteli malzemesi ise uzun \u00f6m\u00fcrl\u00fc kullan\u0131m sa\u011flar. Kad\u0131n Kahverengi \u00c7izme Avantajlar\u0131 Nelerdir? Ayakkab\u0131 se\u00e7imi, hem rahatl\u0131k hem de [&hellip;]<\/p>","protected":false},"author":1,"featured_media":19030,"comment_status":"closed","ping_status":"open","sticky":false,"template":"","format":"standard","meta":{"footnotes":""},"categories":[1],"tags":[],"class_list":["post-19027","post","type-post","status-publish","format-standard","has-post-thumbnail","hentry","category-genel"],"_links":{"self":[{"href":"https:\/\/aymakoop.com.tr\/de\/wp-json\/wp\/v2\/posts\/19027","targetHints":{"allow":["GET"]}}],"collection":[{"href":"https:\/\/aymakoop.com.tr\/de\/wp-json\/wp\/v2\/posts"}],"about":[{"href":"https:\/\/aymakoop.com.tr\/de\/wp-json\/wp\/v2\/types\/post"}],"author":[{"embeddable":true,"href":"https:\/\/aymakoop.com.tr\/de\/wp-json\/wp\/v2\/users\/1"}],"replies":[{"embeddable":true,"href":"https:\/\/aymakoop.com.tr\/de\/wp-json\/wp\/v2\/comments?post=19027"}],"version-history":[{"count":1,"href":"https:\/\/aymakoop.com.tr\/de\/wp-json\/wp\/v2\/posts\/19027\/revisions"}],"predecessor-version":[{"id":19031,"href":"https:\/\/aymakoop.com.tr\/de\/wp-json\/wp\/v2\/posts\/19027\/revisions\/19031"}],"wp:featuredmedia":[{"embeddable":true,"href":"https:\/\/aymakoop.com.tr\/de\/wp-json\/wp\/v2\/media\/19030"}],"wp:attachment":[{"href":"https:\/\/aymakoop.com.tr\/de\/wp-json\/wp\/v2\/media?parent=19027"}],"wp:term":[{"taxonomy":"category","embeddable":true,"href":"https:\/\/aymakoop.com.tr\/de\/wp-json\/wp\/v2\/categories?post=19027"},{"taxonomy":"post_tag","embeddable":true,"href":"https:\/\/aymakoop.com.tr\/de\/wp-json\/wp\/v2\/tags?post=19027"}],"curies":[{"name":"wp","href":"https:\/\/api.w.org\/{rel}","templated":true}]}}