{"id":19392,"date":"2026-02-09T12:14:45","date_gmt":"2026-02-09T09:14:45","guid":{"rendered":"https:\/\/aymakoop.com.tr\/?p=19392"},"modified":"2026-04-21T11:52:51","modified_gmt":"2026-04-21T08:52:51","slug":"deri-rugan-ayakkabi","status":"publish","type":"post","link":"https:\/\/aymakoop.com.tr\/ar\/%d8%b9%d8%a7%d9%85\/deri-rugan-ayakkabi\/","title":{"rendered":"Deri Rugan Ayakkab\u0131"},"content":{"rendered":"<p>Parlak ve \u015f\u0131k g\u00f6r\u00fcn\u00fcm\u00fcyle ayakkab\u0131 modelleri aras\u0131nda \u00f6zel bir yere sahip olan bu ayakkab\u0131lar, estetik duru\u015flar\u0131yla dikkat \u00e7eker. Rugan, derinin \u00f6zel bir i\u015flemden ge\u00e7irilerek parlak ve p\u00fcr\u00fczs\u00fcz bir y\u00fczey kazanmas\u0131yla elde edilir. Bu i\u015flem sayesinde ayakkab\u0131 hem dayan\u0131kl\u0131 hem de \u015f\u0131k bir g\u00f6r\u00fcn\u00fcme kavu\u015fur. <strong>Deri rugan ayakkab\u0131<\/strong>, resmi kombinlerin vazge\u00e7ilmez par\u00e7alar\u0131ndan biri haline gelir. \u00d6zellikle davetler, d\u00fc\u011f\u00fcnler ve \u00f6zel organizasyonlarda s\u0131k\u00e7a tercih edilir.<\/p>\n\n\n\n<h2 class=\"wp-block-heading\">Deri Rugan Ayakkab\u0131 \u00d6nemi<\/h2>\n\n\n<div class=\"wp-block-image\">\n<figure class=\"alignleft size-large is-resized\"><img fetchpriority=\"high\" decoding=\"async\" width=\"1024\" height=\"536\" src=\"https:\/\/aymakoop.com.tr\/wp-content\/uploads\/2026\/02\/deri-rugan-1-1024x536.jpg\" alt=\"Deri Rugan Ayakkab\u0131\" class=\"wp-image-19393\" style=\"width:350px;height:auto\" title=\"\" srcset=\"https:\/\/aymakoop.com.tr\/wp-content\/uploads\/2026\/02\/deri-rugan-1-1024x536.jpg 1024w, https:\/\/aymakoop.com.tr\/wp-content\/uploads\/2026\/02\/deri-rugan-1-300x157.jpg 300w, https:\/\/aymakoop.com.tr\/wp-content\/uploads\/2026\/02\/deri-rugan-1-768x402.jpg 768w, https:\/\/aymakoop.com.tr\/wp-content\/uploads\/2026\/02\/deri-rugan-1-18x9.jpg 18w, https:\/\/aymakoop.com.tr\/wp-content\/uploads\/2026\/02\/deri-rugan-1-700x366.jpg 700w, https:\/\/aymakoop.com.tr\/wp-content\/uploads\/2026\/02\/deri-rugan-1.jpg 1200w\" sizes=\"(max-width: 1024px) 100vw, 1024px\" \/><\/figure>\n<\/div>\n\n\n<p>Klasik giyim tarz\u0131nda ayakkab\u0131 se\u00e7imi genel g\u00f6r\u00fcn\u00fcm\u00fc do\u011frudan etkiler. \u015e\u0131k bir kombin do\u011fru ayakkab\u0131 ile tamamland\u0131\u011f\u0131nda \u00e7ok daha g\u00fc\u00e7l\u00fc bir izlenim olu\u015fturur. Resmi davetler, i\u015f toplant\u0131lar\u0131 ve \u00f6zel organizasyonlar i\u00e7in tercih edilen ayakkab\u0131lar, ki\u015finin tarz\u0131n\u0131 ve \u00f6zenini yans\u0131t\u0131r. Parlak y\u00fczeyli modeller bu noktada dikkat \u00e7eker. Do\u011fru ayakkab\u0131 se\u00e7imi yaln\u0131zca estetik de\u011fil, ayn\u0131 zamanda konfor a\u00e7\u0131s\u0131ndan da \u00f6nem ta\u015f\u0131r ve g\u00fcn boyu rahat hareket etmeyi sa\u011flar.<\/p>\n\n\n\n<p>Giyimin tamamlay\u0131c\u0131lar\u0131ndan biri olan bu ayakkab\u0131lar, \u00f6zellikle \u00f6zel g\u00fcn kombinlerinde etki yarat\u0131r. Parlak y\u00fczeyi sade k\u0131yafetleri bile daha \u015f\u0131k g\u00f6sterir. \u0130\u015f d\u00fcnyas\u0131nda yap\u0131lan toplant\u0131lar veya \u00f6zel davetlerde tercih edilir. Ki\u015finin daha \u00f6zenli g\u00f6r\u00fcnmesine katk\u0131 sa\u011flar. Ayn\u0131 zamanda kaliteli malzeme kullan\u0131m\u0131 sayesinde uzun s\u00fcre formunu korur. <strong>Deri Rugan Ayakkab\u0131<\/strong> \u015f\u0131kl\u0131\u011f\u0131n kal\u0131c\u0131 bir par\u00e7as\u0131 haline gelir.<\/p>\n\n\n\n<p>Bu ayakkab\u0131 t\u00fcr\u00fcn\u00fcn \u00f6nemli avantajlar\u0131ndan biri zamans\u0131z bir stile sahip olmas\u0131d\u0131r. Moda de\u011fi\u015fse bile klasik modeller her d\u00f6nem tercih edilmeye devam eder. Hem erkek hem kad\u0131n kombinlerinde rahatl\u0131kla kullan\u0131labilir. Siyah ve koyu tonlar resmi ortamlarda daha s\u0131k tercih edilir. Do\u011fru kombinlendi\u011finde sade k\u0131yafetlere g\u00fc\u00e7l\u00fc bir karakter kazand\u0131r\u0131r. Ayr\u0131ca kaliteli i\u00e7 yap\u0131 sayesinde uzun s\u00fcreli kullan\u0131mlarda bile konfor sa\u011flar.<\/p>\n\n\n\n<p>\u015e\u0131kl\u0131\u011f\u0131 ve dayan\u0131kl\u0131l\u0131\u011f\u0131 bir arada sunan <strong>Deri Rugan Ayakkab\u0131<\/strong>, gard\u0131roplar\u0131n vazge\u00e7ilmez par\u00e7alar\u0131 aras\u0131nda yer al\u0131r. Do\u011fru bak\u0131m yap\u0131lan modeller uzun s\u00fcre kullan\u0131labilir. Kaliteli deri yap\u0131s\u0131 ayakkab\u0131n\u0131n formunu korur ve parlak g\u00f6r\u00fcn\u00fcm\u00fcn\u00fc s\u00fcrd\u00fcrmesini sa\u011flar. \u00d6zel g\u00fcnlerde veya i\u015f ya\u015fam\u0131nda g\u00fcvenle tercih edilir.<\/p>\n\n\n\n<h3 class=\"wp-block-heading\">Deri Rugan Ayakkab\u0131 Kullan\u0131m Alanlar\u0131<\/h3>\n\n\n\n<p>Deri rugan ayakkab\u0131lar, klasik ve \u015f\u0131k g\u00f6r\u00fcn\u00fcm\u00fc sayesinde bir\u00e7ok farkl\u0131 ortamda tercih edilir. Parlak y\u00fczeyi, resmi kombinleri daha g\u00fc\u00e7l\u00fc g\u00f6sterir. \u00d6zellikle \u00f6zel davetlerde ve kutlamalarda s\u0131k\u00e7a kullan\u0131l\u0131r. D\u00fc\u011f\u00fcn, ni\u015fan ve gala gibi organizasyonlarda klasik giyim tarz\u0131n\u0131n tamamlay\u0131c\u0131 unsurlar\u0131ndan biri olur. Do\u011fru kombinlendi\u011finde sade k\u0131yafetleri bile dikkat \u00e7ekici hale getirir. Bu nedenle \u00f6zel g\u00fcnlerde \u015f\u0131kl\u0131\u011f\u0131n\u0131 \u00f6n planda tutmak isteyen ki\u015filer taraf\u0131ndan s\u0131k\u00e7a tercih edilir.<\/p>\n\n\n\n<p>\u0130\u015f hayat\u0131nda da bu ayakkab\u0131 t\u00fcr\u00fc \u00f6nemli bir yere sahiptir. Resmi toplant\u0131lar, sunumlar ve kurumsal etkinliklerde ayakkab\u0131 se\u00e7imi g\u00f6r\u00fcn\u00fcm\u00fc destekler. \u00d6zellikle tak\u0131m elbise ile birlikte kullan\u0131ld\u0131\u011f\u0131nda g\u00fc\u00e7l\u00fc bir izlenim b\u0131rak\u0131r. Kurumsal ortamlarda \u00e7al\u0131\u015fan ki\u015filer i\u00e7in do\u011fru ayakkab\u0131 se\u00e7imi hem \u015f\u0131kl\u0131k hem de ciddiyet alg\u0131s\u0131 olu\u015fturur. G\u00fcn boyu kullan\u0131lan modellerde konforlu i\u00e7 yap\u0131 da \u00f6nem ta\u015f\u0131r. Bu sayede \u00e7al\u0131\u015fanlar uzun s\u00fcre ayakta kalsalar bile rahat hareket edebilir.<\/p>\n\n\n\n<p>Farkl\u0131 kullan\u0131m alanlar\u0131 sayesinde <strong>Deri Rugan Ayakkab\u0131<\/strong> modelleri kombinlerde uyar. \u00d6zel ak\u015fam yemekleri, mezuniyet t\u00f6renleri ve resmi kutlamalar bu ayakkab\u0131lar\u0131n tercih edildi\u011fi ortamlard\u0131r. Parlak y\u00fczeyi sayesinde pantolon ve ceket kombinlerine modern bir dokunu\u015f kazand\u0131r\u0131r. Ayn\u0131 zamanda sade k\u0131yafetlere g\u00fc\u00e7l\u00fc bir karakter katar. Kullan\u0131c\u0131lar do\u011fru kombin ile hem \u015f\u0131k hem de dikkat \u00e7ekici bir g\u00f6r\u00fcn\u00fcm elde edebilir.<\/p>\n\n\n\n<p>Bu ayakkab\u0131 t\u00fcr\u00fc zamans\u0131z bir stile sahiptir. Moda de\u011fi\u015fse bile klasik modeller her d\u00f6nem kullan\u0131lmaya devam eder. Dayan\u0131kl\u0131 yap\u0131lar\u0131 sayesinde uzun s\u00fcre formunu korur. D\u00fczenli bak\u0131m yap\u0131lan modeller parlak g\u00f6r\u00fcn\u00fcm\u00fcn\u00fc uzun s\u00fcre muhafaza eder. Bu nedenle gard\u0131roplar\u0131n vazge\u00e7ilmez par\u00e7alar\u0131 aras\u0131nda yer al\u0131r ve farkl\u0131 kombinlerle uzun y\u0131llar kullan\u0131labilir.<\/p>\n\n\n\n<h3 class=\"wp-block-heading\">Deri Rugan Ayakkab\u0131 Avantajlar\u0131<\/h3>\n\n\n<div class=\"wp-block-image\">\n<figure class=\"alignright size-large is-resized\"><img decoding=\"async\" width=\"1024\" height=\"536\" src=\"https:\/\/aymakoop.com.tr\/wp-content\/uploads\/2026\/02\/Adsiz-tasarim-3-1024x536.jpg\" alt=\"Deri Rugan Ayakkab\u0131\" class=\"wp-image-19394\" style=\"aspect-ratio:1.9105171411969786;width:433px;height:auto\" title=\"\" srcset=\"https:\/\/aymakoop.com.tr\/wp-content\/uploads\/2026\/02\/Adsiz-tasarim-3-1024x536.jpg 1024w, https:\/\/aymakoop.com.tr\/wp-content\/uploads\/2026\/02\/Adsiz-tasarim-3-300x157.jpg 300w, https:\/\/aymakoop.com.tr\/wp-content\/uploads\/2026\/02\/Adsiz-tasarim-3-768x402.jpg 768w, https:\/\/aymakoop.com.tr\/wp-content\/uploads\/2026\/02\/Adsiz-tasarim-3-18x9.jpg 18w, https:\/\/aymakoop.com.tr\/wp-content\/uploads\/2026\/02\/Adsiz-tasarim-3-700x366.jpg 700w, https:\/\/aymakoop.com.tr\/wp-content\/uploads\/2026\/02\/Adsiz-tasarim-3.jpg 1200w\" sizes=\"(max-width: 1024px) 100vw, 1024px\" \/><\/figure>\n<\/div>\n\n\n<p>Klasik ayakkab\u0131 modelleri aras\u0131nda yer alan rugan ayakkab\u0131lar, \u015f\u0131k g\u00f6r\u00fcn\u00fcm\u00fc sayesinde tercih edilmektedir. Parlak y\u00fczey yap\u0131s\u0131 sayesinde resmi kombinleri daha g\u00fc\u00e7l\u00fc g\u00f6sterir. \u00d6zellikle \u00f6zel davetlerde ve i\u015f ortamlar\u0131nda tercih edilen modeller, kullan\u0131c\u0131ya daha \u00f6zenli bir g\u00f6r\u00fcn\u00fcm kazand\u0131r\u0131r. Do\u011fru ayakkab\u0131 se\u00e7imi yaln\u0131zca estetik de\u011fil, ayn\u0131 zamanda konfor a\u00e7\u0131s\u0131ndan da \u00f6nemlidir. Kaliteli malzemelerle \u00fcretilen ayakkab\u0131lar uzun s\u00fcre kullan\u0131m avantaj\u0131 sa\u011flar ve \u015f\u0131kl\u0131\u011f\u0131 g\u00fcnl\u00fck hayata ta\u015f\u0131r.<\/p>\n\n\n\n<p>\u015e\u0131kl\u0131k ve dayan\u0131kl\u0131l\u0131\u011f\u0131 bir arada sunan <strong>Deri Rugan Ayakkab\u0131<\/strong>, resmi kombinlerde g\u00fc\u00e7l\u00fc bir tamamlay\u0131c\u0131 olarak \u00f6ne \u00e7\u0131kar. Parlak y\u00fczeyi sade k\u0131yafetleri bile dikkat \u00e7ekici hale getirir. Kaliteli deri yap\u0131s\u0131 sayesinde uzun s\u00fcre formunu korur. D\u00fczenli bak\u0131m yap\u0131ld\u0131\u011f\u0131nda ilk g\u00fcnk\u00fc parlak g\u00f6r\u00fcn\u00fcm\u00fcn\u00fc b\u00fcy\u00fck \u00f6l\u00e7\u00fcde muhafaza eder. Ayr\u0131ca dayan\u0131kl\u0131 d\u0131\u015f y\u00fczey \u00e7izilmelere kar\u015f\u0131 daha diren\u00e7lidir. Bu \u00f6zellik kullan\u0131c\u0131lar\u0131n ayakkab\u0131lar\u0131n\u0131 uzun s\u00fcre g\u00fcvenle kullanmas\u0131na yard\u0131mc\u0131 olur ve ekonomik a\u00e7\u0131dan avantaj sa\u011flar.<\/p>\n\n\n\n<p>Bu ayakkab\u0131 t\u00fcr\u00fcn\u00fcn \u00f6nemli avantajlar\u0131ndan biri zamans\u0131z bir stile sahip olmas\u0131d\u0131r. Moda trendleri de\u011fi\u015fse bile klasik modeller her d\u00f6nem kullan\u0131labilir. Hem erkek hem kad\u0131n kombinlerinde rahatl\u0131kla tercih edilir. Siyah ve koyu tonlar resmi ortamlarda daha s\u0131k kullan\u0131l\u0131r. Do\u011fru kombinlendi\u011finde sade k\u0131yafetlere g\u00fc\u00e7l\u00fc bir karakter kazand\u0131r\u0131r. Ayr\u0131ca kaliteli i\u00e7 yap\u0131 sayesinde uzun s\u00fcreli kullan\u0131mlarda bile konfor sa\u011flar. B\u00f6ylece kullan\u0131c\u0131 hem \u015f\u0131k hem rahat bir deneyim ya\u015far.<\/p>\n\n\n\n<p>Uzun \u00f6m\u00fcrl\u00fc kullan\u0131m sunan modeller gard\u0131roplar\u0131n vazge\u00e7ilmez par\u00e7alar\u0131 aras\u0131nda yer al\u0131r. Dayan\u0131kl\u0131 yap\u0131lar\u0131 sayesinde y\u0131llarca kullan\u0131labilir. D\u00fczenli bak\u0131m yap\u0131lan ayakkab\u0131lar parlak g\u00f6r\u00fcn\u00fcm\u00fcn\u00fc korur. \u00d6zel g\u00fcnlerde ve i\u015f ya\u015fam\u0131nda g\u00fcvenle tercih edilir. B<\/p>\n\n\n\n<h3 class=\"wp-block-heading\">Deri Rugan Ayakkab\u0131 Se\u00e7erken Dikkat Edilmesi Gerekenler?<\/h3>\n\n\n\n<p>Rugan ayakkab\u0131 sat\u0131n al\u0131rken \u00f6ncelikle kullan\u0131m amac\u0131 belirlenmelidir. Ayakkab\u0131n\u0131n g\u00fcnl\u00fck kullan\u0131m m\u0131 yoksa \u00f6zel davetler i\u00e7in mi tercih edilece\u011fi se\u00e7im s\u00fcrecini etkiler. Ayak yap\u0131s\u0131na uygun model se\u00e7mek uzun s\u00fcreli kullan\u0131mda konfor sa\u011flar. Ayakkab\u0131n\u0131n i\u00e7 taban yap\u0131s\u0131 ve kullan\u0131lan malzeme kalitesi dikkatle incelenmelidir. Ayr\u0131ca diki\u015f detaylar\u0131 ve taban dayan\u0131kl\u0131l\u0131\u011f\u0131 da kontrol edilmelidir. Bu detaylar ayakkab\u0131n\u0131n uzun s\u00fcre formunu korumas\u0131na yard\u0131mc\u0131 olur ve kullan\u0131m s\u0131ras\u0131nda rahatl\u0131k sa\u011flar.<\/p>\n\n\n\n<p>Ayakkab\u0131 se\u00e7iminde kalite kadar rahatl\u0131k da \u00f6nemlidir. Sert yap\u0131l\u0131 modeller uzun s\u00fcreli kullan\u0131mda aya\u011f\u0131 yorabilir. Bu nedenle esnek ve aya\u011f\u0131 destekleyen i\u00e7 yap\u0131 tercih edilmelidir. Parlak y\u00fczeyin kolay temizlenebilir olmas\u0131 da avantaj sa\u011flar. Ayr\u0131ca ayakkab\u0131n\u0131n aya\u011f\u0131 s\u0131kmamas\u0131 ve do\u011fru numarada se\u00e7ilmesi gerekir. Deneme s\u0131ras\u0131nda ayakkab\u0131yla k\u0131sa s\u00fcre y\u00fcr\u00fcmek do\u011fru karar\u0131 vermeye yard\u0131mc\u0131 olur. B\u00f6ylece kullan\u0131c\u0131 hem \u015f\u0131k hem de rahat bir model se\u00e7ebilir.<\/p>\n\n\n\n<p>Rugan ayakkab\u0131lar genellikle \u00f6zel g\u00fcnlerde tercih edilir. Bu nedenle kombinle uyum sa\u011flayacak renk ve model se\u00e7mek \u00f6nemlidir. Siyah ve koyu tonlar resmi ortamlarda daha s\u0131k kullan\u0131l\u0131r. A\u00e7\u0131k tonlar ise daha \u00f6zel davetlerde tercih edilebilir. Kullan\u0131m alan\u0131na g\u00f6re topuk yap\u0131s\u0131 ve taban kal\u0131nl\u0131\u011f\u0131 da g\u00f6z \u00f6n\u00fcnde bulundurulmal\u0131d\u0131r. Do\u011fru se\u00e7im yap\u0131lan ayakkab\u0131lar kombinleri tamamlar ve kullan\u0131c\u0131ya daha \u00f6zenli bir g\u00f6r\u00fcn\u00fcm kazand\u0131r\u0131r.<\/p>\n\n\n\n<p>Son a\u015famada kalite ve konfor birlikte de\u011ferlendirilmelidir. Uzun s\u00fcre kullan\u0131labilecek bir model se\u00e7mek ekonomik a\u00e7\u0131dan avantaj sa\u011flar. D\u00fczenli bak\u0131m yap\u0131lan ayakkab\u0131lar parlak g\u00f6r\u00fcn\u00fcm\u00fcn\u00fc uzun s\u00fcre korur. Kullan\u0131c\u0131 yorumlar\u0131 ve \u00fcr\u00fcn \u00f6zellikleri kar\u015f\u0131la\u015ft\u0131r\u0131lmal\u0131d\u0131r. Do\u011fru tercih yap\u0131lan <strong>Deri Rugan Ayakkab\u0131<\/strong>, \u015f\u0131kl\u0131k ve rahatl\u0131k sunarak kombinleri g\u00fc\u00e7l\u00fc \u015fekilde tamamlar. Uzun vadede stilin vazge\u00e7ilmez par\u00e7alar\u0131ndan biri haline gelir.<\/p>","protected":false},"excerpt":{"rendered":"<p>Parlak ve \u015f\u0131k g\u00f6r\u00fcn\u00fcm\u00fcyle ayakkab\u0131 modelleri aras\u0131nda \u00f6zel bir yere sahip olan bu ayakkab\u0131lar, estetik duru\u015flar\u0131yla dikkat \u00e7eker. Rugan, derinin \u00f6zel bir i\u015flemden ge\u00e7irilerek parlak ve p\u00fcr\u00fczs\u00fcz bir y\u00fczey kazanmas\u0131yla elde edilir. Bu i\u015flem sayesinde ayakkab\u0131 hem dayan\u0131kl\u0131 hem de \u015f\u0131k bir g\u00f6r\u00fcn\u00fcme kavu\u015fur. Deri rugan ayakkab\u0131, resmi kombinlerin vazge\u00e7ilmez par\u00e7alar\u0131ndan biri haline gelir. \u00d6zellikle [&hellip;]<\/p>","protected":false},"author":1,"featured_media":19395,"comment_status":"closed","ping_status":"open","sticky":false,"template":"","format":"standard","meta":{"footnotes":""},"categories":[1],"tags":[],"class_list":["post-19392","post","type-post","status-publish","format-standard","has-post-thumbnail","hentry","category-genel"],"_links":{"self":[{"href":"https:\/\/aymakoop.com.tr\/ar\/wp-json\/wp\/v2\/posts\/19392","targetHints":{"allow":["GET"]}}],"collection":[{"href":"https:\/\/aymakoop.com.tr\/ar\/wp-json\/wp\/v2\/posts"}],"about":[{"href":"https:\/\/aymakoop.com.tr\/ar\/wp-json\/wp\/v2\/types\/post"}],"author":[{"embeddable":true,"href":"https:\/\/aymakoop.com.tr\/ar\/wp-json\/wp\/v2\/users\/1"}],"replies":[{"embeddable":true,"href":"https:\/\/aymakoop.com.tr\/ar\/wp-json\/wp\/v2\/comments?post=19392"}],"version-history":[{"count":1,"href":"https:\/\/aymakoop.com.tr\/ar\/wp-json\/wp\/v2\/posts\/19392\/revisions"}],"predecessor-version":[{"id":19396,"href":"https:\/\/aymakoop.com.tr\/ar\/wp-json\/wp\/v2\/posts\/19392\/revisions\/19396"}],"wp:featuredmedia":[{"embeddable":true,"href":"https:\/\/aymakoop.com.tr\/ar\/wp-json\/wp\/v2\/media\/19395"}],"wp:attachment":[{"href":"https:\/\/aymakoop.com.tr\/ar\/wp-json\/wp\/v2\/media?parent=19392"}],"wp:term":[{"taxonomy":"category","embeddable":true,"href":"https:\/\/aymakoop.com.tr\/ar\/wp-json\/wp\/v2\/categories?post=19392"},{"taxonomy":"post_tag","embeddable":true,"href":"https:\/\/aymakoop.com.tr\/ar\/wp-json\/wp\/v2\/tags?post=19392"}],"curies":[{"name":"wp","href":"https:\/\/api.w.org\/{rel}","templated":true}]}}