{"id":19156,"date":"2025-12-23T17:56:00","date_gmt":"2025-12-23T14:56:00","guid":{"rendered":"https:\/\/aymakoop.com.tr\/?p=19156"},"modified":"2026-04-21T11:53:22","modified_gmt":"2026-04-21T08:53:22","slug":"bagciksiz-sandalet","status":"publish","type":"post","link":"https:\/\/aymakoop.com.tr\/ar\/%d8%b9%d8%a7%d9%85\/bagciksiz-sandalet\/","title":{"rendered":"Ba\u011fc\u0131ks\u0131z Sandalet"},"content":{"rendered":"<p>Yaz aylar\u0131nda konfor ve pratiklik arayanlar i\u00e7in \u00f6ne \u00e7\u0131kan ayakkab\u0131 modellerindendir. Ba\u011fc\u0131k ya da karma\u015f\u0131k kapanma detaylar\u0131 i\u00e7ermez. Kolay giyilip \u00e7\u0131kar\u0131labilmesi sayesinde b\u00fcy\u00fck rahatl\u0131k sa\u011flar. <strong>Ba\u011fc\u0131ks\u0131z sandalet<\/strong> hem kad\u0131n hem de erkek kullan\u0131c\u0131lar i\u00e7in farkl\u0131 tasar\u0131m ve taban se\u00e7enekleriyle sunulur. S\u0131cak havalarda ayaklar\u0131n nefes almas\u0131na yard\u0131mc\u0131 olur.<\/p>\n\n\n\n<h2 class=\"wp-block-heading\">Ba\u011fc\u0131ks\u0131z Sandalet \u00d6nemi Nedir?<\/h2>\n\n\n<div class=\"wp-block-image\">\n<figure class=\"alignleft size-large is-resized\"><img fetchpriority=\"high\" decoding=\"async\" width=\"1024\" height=\"536\" src=\"https:\/\/aymakoop.com.tr\/wp-content\/uploads\/2025\/12\/bagciksiz-sandalet-2-1024x536.jpg\" alt=\"Ba\u011fc\u0131ks\u0131z Sandalet\" class=\"wp-image-19159\" style=\"aspect-ratio:1.9105206901817071;width:434px;height:auto\" title=\"\" srcset=\"https:\/\/aymakoop.com.tr\/wp-content\/uploads\/2025\/12\/bagciksiz-sandalet-2-1024x536.jpg 1024w, https:\/\/aymakoop.com.tr\/wp-content\/uploads\/2025\/12\/bagciksiz-sandalet-2-300x157.jpg 300w, https:\/\/aymakoop.com.tr\/wp-content\/uploads\/2025\/12\/bagciksiz-sandalet-2-768x402.jpg 768w, https:\/\/aymakoop.com.tr\/wp-content\/uploads\/2025\/12\/bagciksiz-sandalet-2-18x9.jpg 18w, https:\/\/aymakoop.com.tr\/wp-content\/uploads\/2025\/12\/bagciksiz-sandalet-2-700x366.jpg 700w, https:\/\/aymakoop.com.tr\/wp-content\/uploads\/2025\/12\/bagciksiz-sandalet-2.jpg 1200w\" sizes=\"(max-width: 1024px) 100vw, 1024px\" \/><\/figure>\n<\/div>\n\n\n<p>\u00d6zellikle yaz aylar\u0131nda konfor ve kullan\u0131m kolayl\u0131\u011f\u0131 sunmas\u0131yla \u00f6nemli bir ayakkab\u0131 se\u00e7ene\u011fi olarak \u00f6ne \u00e7\u0131kar. S\u0131cak havalarda ayaklar\u0131n rahat etmesi ve g\u00fcn boyu konforun korunmas\u0131 \u00f6nemlidir. Pratik kullan\u0131m ihtiyac\u0131, tercih edilme nedenleri aras\u0131nda yer al\u0131r. Bu modeller, g\u00fcnl\u00fck ya\u015fam temposuna uyum sa\u011flayan yap\u0131lar\u0131yla kullan\u0131c\u0131lar\u0131n hayat\u0131n\u0131 kolayla\u015ft\u0131r\u0131r.<\/p>\n\n\n\n<p>\u00d6nemi, \u00f6ncelikle pratik kullan\u0131m avantaj\u0131ndan kaynaklan\u0131r. Ba\u011fc\u0131k olmadan tasarlanan bu sandaletler, h\u0131zl\u0131ca giyilip \u00e7\u0131kar\u0131labilir. Bu durum \u00f6zellikle hareketli ya\u015fam tarz\u0131na sahip ki\u015filer i\u00e7in zaman kazand\u0131r\u0131r. Ayn\u0131 zamanda ya\u015fl\u0131lar veya e\u011filip ba\u011fc\u0131k ba\u011flamakta zorlanan kullan\u0131c\u0131lar i\u00e7in de b\u00fcy\u00fck kolayl\u0131k sa\u011flar.<\/p>\n\n\n\n<p>Konfor a\u00e7\u0131s\u0131ndan \u00f6nemli bir yere sahiptir. Ayak anatomisine uygun taban yap\u0131s\u0131 ve yumu\u015fak i\u00e7 y\u00fczey konfor sa\u011flar. Denge sa\u011flayan tasar\u0131mlar, uzun s\u00fcreli kullan\u0131mlarda bile rahatl\u0131k sunar. Nefes alabilen yap\u0131lar\u0131 sayesinde ayaklar\u0131n terlemesini azalt\u0131r ve yaz aylar\u0131nda ferah bir kullan\u0131m sa\u011flar.<\/p>\n\n\n\n<p>Bir di\u011fer \u00f6nemi ise \u00e7ok y\u00f6nl\u00fc kullan\u0131m imk\u00e2n\u0131 sunmas\u0131d\u0131r. G\u00fcnl\u00fck \u015fehir ya\u015fam\u0131nda, tatilde, k\u0131sa y\u00fcr\u00fcy\u00fc\u015flerde veya sosyal aktivitelerde rahatl\u0131kla tercih edilebilir. Farkl\u0131 tasar\u0131m ve renk se\u00e7enekleri sayesinde spor ya da daha sade kombinlerle uyum sa\u011flar.<\/p>\n\n\n\n<p>Sonu\u00e7 olarak <strong>ba\u011fc\u0131ks\u0131z sandalet<\/strong>, konfor ve pratikli\u011fi bir arada sunar. Yaz aylar\u0131n\u0131n vazge\u00e7ilmez ayakkab\u0131 t\u00fcrlerinden biridir. G\u00fcnl\u00fck ya\u015famda sa\u011flad\u0131\u011f\u0131 kolayl\u0131k sayesinde hem rahatl\u0131k hem de kullan\u0131m verimlili\u011fi a\u00e7\u0131s\u0131ndan \u00f6nemli bir rol \u00fcstlenir.<\/p>\n\n\n\n<h3 class=\"wp-block-heading\">Ba\u011fc\u0131ks\u0131z Sandalet Avantajlar\u0131 Nelerdir?<\/h3>\n\n\n\n<p><strong>Ba\u011fc\u0131ks\u0131z sandalet<\/strong>, yaz aylar\u0131nda konforu ve kullan\u0131m kolayl\u0131\u011f\u0131n\u0131 \u00f6n planda tutanlar i\u00e7in bir\u00e7ok avantaj sunar. Ba\u011fc\u0131k veya karma\u015f\u0131k kapanma detaylar\u0131 bulunmad\u0131\u011f\u0131ndan, g\u00fcnl\u00fck hayatta pratik bir ayakkab\u0131 alternatifi olarak \u00f6ne \u00e7\u0131kar. S\u0131cak havalarda ayaklar\u0131n rahat etmesini sa\u011flayan yap\u0131s\u0131, tercih sebebi haline getirir.<\/p>\n\n\n\n<p>En \u00f6nemli avantajlar\u0131ndan biri kolay giyilip \u00e7\u0131kar\u0131labilmesidir. Zaman kazand\u0131ran bu \u00f6zellik, hareketli bir ya\u015fam tarz\u0131na sahip kullan\u0131c\u0131lar i\u00e7in b\u00fcy\u00fck rahatl\u0131k sa\u011flar. Ayn\u0131 zamanda ya\u015fl\u0131lar veya ba\u011fc\u0131k ba\u011flamakta zorlanan ki\u015filer i\u00e7in de kullan\u0131m konforu sunar.<\/p>\n\n\n\n<p>Hafiflik, sundu\u011fu \u00f6nemli bir art\u0131d\u0131r. Hafif taban ve esnek malzeme yap\u0131s\u0131, y\u00fcr\u00fcy\u00fc\u015f s\u0131ras\u0131nda aya\u011fa ekstra y\u00fck bindirmez. Bu \u00f6zellik g\u00fcnl\u00fck \u015fehir ya\u015fam\u0131nda, tatillerde veya k\u0131sa y\u00fcr\u00fcy\u00fc\u015flerde konforlu bir kullan\u0131m sunar.<\/p>\n\n\n\n<p>Stil a\u00e7\u0131s\u0131ndan da avantajl\u0131d\u0131r. Spor, casual ya da sade modeller, farkl\u0131 kombinlere kolayca uyum sa\u011flar. \u015eort, etek, elbise veya yazl\u0131k pantolonlarla rahatl\u0131kla kullan\u0131labilir.<\/p>\n\n\n\n<p>Sonu\u00e7 olarak <strong>ba\u011fc\u0131ks\u0131z sandalet<\/strong>; pratik kullan\u0131m, konfor, hafiflik ve stil uyumu gibi bir\u00e7ok avantaj\u0131 bir arada sunar. Yaz aylar\u0131nda hem rahat hem de i\u015flevsel bir ayakkab\u0131 arayanlar i\u00e7in ideal bir tercihtir.<\/p>\n\n\n\n<h3 class=\"wp-block-heading\">Ba\u011fc\u0131ks\u0131z Sandalet Modelleri Nelerdir?<\/h3>\n\n\n<div class=\"wp-block-image\">\n<figure class=\"alignright size-large is-resized\"><img decoding=\"async\" width=\"1024\" height=\"536\" src=\"https:\/\/aymakoop.com.tr\/wp-content\/uploads\/2025\/12\/bagciksiz-sandalet-3-1024x536.jpg\" alt=\"Ba\u011fc\u0131ks\u0131z Sandalet\" class=\"wp-image-19158\" style=\"width:455px;height:auto\" title=\"\" srcset=\"https:\/\/aymakoop.com.tr\/wp-content\/uploads\/2025\/12\/bagciksiz-sandalet-3-1024x536.jpg 1024w, https:\/\/aymakoop.com.tr\/wp-content\/uploads\/2025\/12\/bagciksiz-sandalet-3-300x157.jpg 300w, https:\/\/aymakoop.com.tr\/wp-content\/uploads\/2025\/12\/bagciksiz-sandalet-3-768x402.jpg 768w, https:\/\/aymakoop.com.tr\/wp-content\/uploads\/2025\/12\/bagciksiz-sandalet-3-18x9.jpg 18w, https:\/\/aymakoop.com.tr\/wp-content\/uploads\/2025\/12\/bagciksiz-sandalet-3-700x366.jpg 700w, https:\/\/aymakoop.com.tr\/wp-content\/uploads\/2025\/12\/bagciksiz-sandalet-3.jpg 1200w\" sizes=\"(max-width: 1024px) 100vw, 1024px\" \/><\/figure>\n<\/div>\n\n\n<p><strong>Ba\u011fc\u0131ks\u0131z sandalet <\/strong>modelleri, farkl\u0131 tarz ve kullan\u0131m ihtiya\u00e7lar\u0131na g\u00f6re geni\u015f bir se\u00e7enek yelpazesi sunar. Bu sandaletler; g\u00fcnl\u00fck kullan\u0131m, plaj, \u015fehir ya\u015fam\u0131 ve daha \u00f6zel kombinler i\u00e7in uygun tasar\u0131mlarla piyasada yer al\u0131r. Her model kendi i\u00e7inde hem fonksiyonel hem de estetik avantaj sa\u011flar.<\/p>\n\n\n\n<p>G\u00fcnl\u00fck hayatta en \u00e7ok tercih edilen modellerden biri minimal sandaletlerdir. Bu tasar\u0131mlar sade yap\u0131s\u0131 ile kolay kombinlenebilir ve g\u00fcnl\u00fck k\u0131yafetlerle uyum sa\u011flar. Tek bantl\u0131 ya da \u00e7apraz bantl\u0131 formlarda sunulan bu modeller, rahat ve pratik kullan\u0131m\u0131 \u00f6n planda tutar.<\/p>\n\n\n\n<p>Bir di\u011fer pop\u00fcler se\u00e7enek ise sportif sandaletlerdir. Bu modeller, daha kal\u0131n taban yap\u0131s\u0131 ve destekleyici formuyla uzun y\u00fcr\u00fcy\u00fc\u015fler i\u00e7in uygundur. Elastik bantlar ve yumu\u015fak tabanlar sayesinde hareket \u00f6zg\u00fcrl\u00fc\u011f\u00fc \u00f6n plandad\u0131r. Spor sandaletler, \u00f6zellikle tatil ve a\u00e7\u0131k hava aktivitelerinde s\u0131k tercih edilir.<\/p>\n\n\n\n<p>\u015e\u0131k sandalet modelleri de dikkat \u00e7eker. Daha zarif \u00e7izgiler ve uyumlu renk se\u00e7enekleri ile elbise veya etek gibi daha \u00f6zel kombinlerle kullan\u0131l\u0131r. Bu modeller genellikle ince taban ve g\u00f6z al\u0131c\u0131 detaylarla sunulur.<\/p>\n\n\n\n<p>Ayr\u0131ca ortopedik sandalet modelleri de kullan\u0131c\u0131lar\u0131n be\u011fenisine sunulur. Bu tasar\u0131mlar, aya\u011f\u0131n do\u011fal yap\u0131s\u0131n\u0131 destekleyen taban yap\u0131s\u0131na sahiptir. Ekstra konfor sa\u011flayan i\u00e7 y\u00fczey \u00f6zellikleri sayesinde ayak sa\u011fl\u0131\u011f\u0131na \u00f6nem verenler i\u00e7in idealdir.<\/p>\n\n\n\n<p>Sonu\u00e7 olarak <strong>ba\u011fc\u0131ks\u0131z sandalet <\/strong>modelleri; g\u00fcnl\u00fck, sportif, \u015f\u0131k ve ortopedik se\u00e7eneklerle her ya\u015f ve stile hitap eder. Kendi ihtiyac\u0131n\u0131za uygun modeli se\u00e7mek, hem rahat hem de \u015f\u0131k bir yaz deneyimi sa\u011flar.<\/p>\n\n\n\n<h3 class=\"wp-block-heading\">Ba\u011fc\u0131ks\u0131z Sandalet Se\u00e7iminde Nelere Dikkat Edilmelidir?<\/h3>\n\n\n\n<p><strong>Ba\u011fc\u0131ks\u0131z sandalet <\/strong>se\u00e7imi, yaz aylar\u0131nda konforlu ve sa\u011fl\u0131kl\u0131 bir kullan\u0131m i\u00e7in dikkatle yap\u0131lmal\u0131d\u0131r. Bu sandaletler pratik yap\u0131lar\u0131yla \u00f6ne \u00e7\u0131kar. Ancak do\u011fru \u00f6zelliklere sahip olmayan modeller, uzun s\u00fcreli kullan\u0131mda rahats\u0131zl\u0131k yaratabilir. Bu nedenle se\u00e7im a\u015famas\u0131nda hem konfor hem de kullan\u0131m amac\u0131 g\u00f6z \u00f6n\u00fcnde bulundurulmal\u0131d\u0131r.<\/p>\n\n\n\n<p>\u0130lk olarak taban yap\u0131s\u0131na dikkat edilmelidir. Ayak anatomisine uyum sa\u011flayan, yumu\u015fak ve destekleyici tabanlar g\u00fcn boyu rahatl\u0131k sunar. \u00c7ok sert veya tamamen d\u00fcz tabanl\u0131 sandaletler, ayak ve bel a\u011fr\u0131lar\u0131na neden olabilir. Kaymaz taban \u00f6zelli\u011fi de \u00f6zellikle g\u00fcnl\u00fck kullan\u0131mda g\u00fcvenli y\u00fcr\u00fcy\u00fc\u015f a\u00e7\u0131s\u0131ndan \u00f6nemlidir.<\/p>\n\n\n\n<p>Malzeme kalitesi, sandalet se\u00e7iminde \u00f6nemli bir di\u011fer kriterdir. Nefes alabilen ve terlemeyi azaltan malzemeler, s\u0131cak havalarda ayak sa\u011fl\u0131\u011f\u0131n\u0131 korur.<\/p>\n\n\n\n<p>Sandaletin aya\u011f\u0131 kavrama \u015fekli de de\u011ferlendirilmelidir. Ba\u011fc\u0131ks\u0131z modellerde bantlar\u0131n aya\u011f\u0131 dengeli \u015fekilde sarmas\u0131 gerekir. \u00c7ok gev\u015fek ya da fazla s\u0131k\u0131 bantlar, y\u00fcr\u00fcy\u00fc\u015f s\u0131ras\u0131nda rahats\u0131zl\u0131k olu\u015fturabilir. Aya\u011f\u0131n sandalet i\u00e7inde sabit durmas\u0131, rahat kullan\u0131m a\u00e7\u0131s\u0131ndan \u00f6nemlidir.<\/p>\n\n\n\n<p>Kullan\u0131m amac\u0131 da do\u011fru modeli belirler. G\u00fcnl\u00fck kullan\u0131mda sade ve hafif modeller kullan\u0131l\u0131r. Uzun y\u00fcr\u00fcy\u00fc\u015fler i\u00e7in ise destekleyici ve ortopedik \u00f6zelliklere sahip sandaletler daha uygundur. Renk ve tasar\u0131m se\u00e7imi ise kombin al\u0131\u015fkanl\u0131klar\u0131na g\u00f6re yap\u0131lmal\u0131d\u0131r.<\/p>\n\n\n\n<p><strong>Ba\u011fc\u0131ks\u0131z sandalet <\/strong>se\u00e7erken taban yap\u0131s\u0131, malzeme kalitesi, aya\u011f\u0131 kavrama dengesi ve kullan\u0131m amac\u0131 dikkate al\u0131nmal\u0131d\u0131r. Do\u011fru se\u00e7im, yaz aylar\u0131nda konforlu ve keyifli bir kullan\u0131m sa\u011flar.<\/p>","protected":false},"excerpt":{"rendered":"<p>Yaz aylar\u0131nda konfor ve pratiklik arayanlar i\u00e7in \u00f6ne \u00e7\u0131kan ayakkab\u0131 modellerindendir. Ba\u011fc\u0131k ya da karma\u015f\u0131k kapanma detaylar\u0131 i\u00e7ermez. Kolay giyilip \u00e7\u0131kar\u0131labilmesi sayesinde b\u00fcy\u00fck rahatl\u0131k sa\u011flar. Ba\u011fc\u0131ks\u0131z sandalet hem kad\u0131n hem de erkek kullan\u0131c\u0131lar i\u00e7in farkl\u0131 tasar\u0131m ve taban se\u00e7enekleriyle sunulur. S\u0131cak havalarda ayaklar\u0131n nefes almas\u0131na yard\u0131mc\u0131 olur. Ba\u011fc\u0131ks\u0131z Sandalet \u00d6nemi Nedir? \u00d6zellikle yaz aylar\u0131nda konfor [&hellip;]<\/p>","protected":false},"author":1,"featured_media":19160,"comment_status":"closed","ping_status":"open","sticky":false,"template":"","format":"standard","meta":{"footnotes":""},"categories":[1],"tags":[],"class_list":["post-19156","post","type-post","status-publish","format-standard","has-post-thumbnail","hentry","category-genel"],"_links":{"self":[{"href":"https:\/\/aymakoop.com.tr\/ar\/wp-json\/wp\/v2\/posts\/19156","targetHints":{"allow":["GET"]}}],"collection":[{"href":"https:\/\/aymakoop.com.tr\/ar\/wp-json\/wp\/v2\/posts"}],"about":[{"href":"https:\/\/aymakoop.com.tr\/ar\/wp-json\/wp\/v2\/types\/post"}],"author":[{"embeddable":true,"href":"https:\/\/aymakoop.com.tr\/ar\/wp-json\/wp\/v2\/users\/1"}],"replies":[{"embeddable":true,"href":"https:\/\/aymakoop.com.tr\/ar\/wp-json\/wp\/v2\/comments?post=19156"}],"version-history":[{"count":2,"href":"https:\/\/aymakoop.com.tr\/ar\/wp-json\/wp\/v2\/posts\/19156\/revisions"}],"predecessor-version":[{"id":19161,"href":"https:\/\/aymakoop.com.tr\/ar\/wp-json\/wp\/v2\/posts\/19156\/revisions\/19161"}],"wp:featuredmedia":[{"embeddable":true,"href":"https:\/\/aymakoop.com.tr\/ar\/wp-json\/wp\/v2\/media\/19160"}],"wp:attachment":[{"href":"https:\/\/aymakoop.com.tr\/ar\/wp-json\/wp\/v2\/media?parent=19156"}],"wp:term":[{"taxonomy":"category","embeddable":true,"href":"https:\/\/aymakoop.com.tr\/ar\/wp-json\/wp\/v2\/categories?post=19156"},{"taxonomy":"post_tag","embeddable":true,"href":"https:\/\/aymakoop.com.tr\/ar\/wp-json\/wp\/v2\/tags?post=19156"}],"curies":[{"name":"wp","href":"https:\/\/api.w.org\/{rel}","templated":true}]}}