{"id":16743,"date":"2025-10-17T16:36:38","date_gmt":"2025-10-17T13:36:38","guid":{"rendered":"https:\/\/aymakoop.com.tr\/?p=16743"},"modified":"2026-04-21T11:53:55","modified_gmt":"2026-04-21T08:53:55","slug":"deri-kadin-cizme","status":"publish","type":"post","link":"https:\/\/aymakoop.com.tr\/ar\/%d8%b9%d8%a7%d9%85\/deri-kadin-cizme\/","title":{"rendered":"Deri Kad\u0131n \u00c7izme"},"content":{"rendered":"<p>K\u0131\u015f modas\u0131n\u0131n en g\u00f6z al\u0131c\u0131 par\u00e7alar\u0131ndan biri olan <strong>deri kad\u0131n \u00e7izme<\/strong>, zarafeti, konforu ve dayan\u0131kl\u0131l\u0131\u011f\u0131 bir araya getirir. So\u011fuk havalarda hem \u015f\u0131k g\u00f6r\u00fcnmek hem de ayaklar\u0131 s\u0131cak tutmak isteyen kad\u0131nlar i\u00e7in en ideal tercihlerden biridir.<\/p>\n\n\n\n<h2 class=\"wp-block-heading\">Deri Kad\u0131n \u00c7izme Avantajlar\u0131 Nelerdir?<\/h2>\n\n\n<div class=\"wp-block-image\">\n<figure class=\"alignleft size-large is-resized\"><img fetchpriority=\"high\" decoding=\"async\" width=\"1024\" height=\"536\" src=\"https:\/\/aymakoop.com.tr\/wp-content\/uploads\/2025\/10\/deri-kadin-cizme-2-1024x536.jpg\" alt=\"Deri Kad\u0131n \u00c7izme\" class=\"wp-image-16746\" style=\"width:451px;height:auto\" title=\"\" srcset=\"https:\/\/aymakoop.com.tr\/wp-content\/uploads\/2025\/10\/deri-kadin-cizme-2-1024x536.jpg 1024w, https:\/\/aymakoop.com.tr\/wp-content\/uploads\/2025\/10\/deri-kadin-cizme-2-300x157.jpg 300w, https:\/\/aymakoop.com.tr\/wp-content\/uploads\/2025\/10\/deri-kadin-cizme-2-768x402.jpg 768w, https:\/\/aymakoop.com.tr\/wp-content\/uploads\/2025\/10\/deri-kadin-cizme-2-18x9.jpg 18w, https:\/\/aymakoop.com.tr\/wp-content\/uploads\/2025\/10\/deri-kadin-cizme-2-700x366.jpg 700w, https:\/\/aymakoop.com.tr\/wp-content\/uploads\/2025\/10\/deri-kadin-cizme-2.jpg 1200w\" sizes=\"(max-width: 1024px) 100vw, 1024px\" \/><\/figure>\n<\/div>\n\n\n<p>K\u0131\u015f aylar\u0131nda hem \u015f\u0131kl\u0131k hem de koruma arayan kad\u0131nlar i\u00e7in deri \u00e7izmeler en ideal tercihlerden biridir. Zarif g\u00f6r\u00fcn\u00fcmleri, sa\u011flam yap\u0131lar\u0131 ve konforlu kullan\u0131m\u0131yla deri \u00e7izmeler, fonksiyonellik a\u00e7\u0131s\u0131ndan da bir\u00e7ok avantaj sunar.<\/p>\n\n\n\n<p>\u00d6ncelikle dayan\u0131kl\u0131l\u0131k, deri \u00e7izmelerin en \u00f6nemli \u00f6zelliklerinden biridir. Hakiki deri malzeme, suya, so\u011fu\u011fa ve d\u0131\u015f etkenlere kar\u015f\u0131 y\u00fcksek diren\u00e7 g\u00f6sterir. Bu sayede uzun s\u00fcreli kullan\u0131mda formunu korur ve ilk g\u00fcnk\u00fc g\u00f6r\u00fcn\u00fcm\u00fcn\u00fc kaybetmez. Kaliteli bir deri \u00e7izme, y\u0131llarca dolab\u0131n\u0131z\u0131n favori par\u00e7as\u0131 olmaya devam eder.<\/p>\n\n\n\n<p>Bir di\u011fer \u00f6nemli avantaj ise konfordur. Deri do\u011fal bir malzeme oldu\u011fu i\u00e7in nefes alabilir. Bu \u00f6zellik, aya\u011f\u0131n terlemesini \u00f6nler ve g\u00fcn boyu rahat bir kullan\u0131m sa\u011flar. Zamanla aya\u011f\u0131n \u015feklini alan deri, ki\u015fiye \u00f6zel bir konfor sunarak ad\u0131m att\u0131k\u00e7a yumu\u015far.<\/p>\n\n\n\n<p>\u015e\u0131kl\u0131k ve zarafet a\u00e7\u0131s\u0131ndan da deri \u00e7izmeler her d\u00f6nemin trendi olmu\u015ftur. \u0130ster topuklu ister d\u00fcz tabanl\u0131 olsun, her model farkl\u0131 kombinlerle kolayca uyum sa\u011flar. Elbiseler, etekler veya kot pantolonlarla birlikte \u015f\u0131k ve zarif bir g\u00f6r\u00fcn\u00fcm olu\u015fturur.<\/p>\n\n\n\n<p>Ayr\u0131ca bak\u0131m\u0131 kolayd\u0131r. Uygun deri bak\u0131m \u00fcr\u00fcnleriyle d\u00fczenli olarak temizlendi\u011finde, uzun s\u00fcre yeni g\u00f6r\u00fcn\u00fcm\u00fcn\u00fc korur.<\/p>\n\n\n\n<p>\u062e\u062a\u0627\u0645\u0627\u064b\u060c <strong>deri kad\u0131n \u00e7izme<\/strong>, dayan\u0131kl\u0131l\u0131\u011f\u0131, konforu ve zamans\u0131z \u015f\u0131kl\u0131\u011f\u0131yla her kad\u0131n\u0131n gard\u0131robunda mutlaka yer almas\u0131 gereken bir par\u00e7ad\u0131r. So\u011fuk havalarda stilinizi tamamlamak ve ad\u0131mlar\u0131n\u0131za g\u00fcven katmak i\u00e7in en do\u011fru tercihlerden biridir.<\/p>\n\n\n\n<h3 class=\"wp-block-heading\">Deri Kad\u0131n \u00c7izme \u00d6nemi Nedir?<\/h3>\n\n\n\n<p>K\u0131\u015f aylar\u0131nda hem tarz\u0131 tamamlayan hem de ayaklar\u0131 d\u0131\u015f etkenlerden koruyan <strong>deri kad\u0131n \u00e7izme <\/strong>olduk\u00e7a kullan\u0131\u015fl\u0131d\u0131r. Her kad\u0131n\u0131n gard\u0131robunda bulunmas\u0131 gereken temel par\u00e7alardand\u0131r. Hem estetik a\u00e7\u0131dan \u015f\u0131k bir duru\u015f sa\u011flar hem de fonksiyonel \u00f6zellikleriyle g\u00fcnl\u00fck ya\u015famda b\u00fcy\u00fck kolayl\u0131k sunar.<\/p>\n\n\n\n<p>\u00d6ncelikle koruma a\u00e7\u0131s\u0131ndan bak\u0131ld\u0131\u011f\u0131nda deri \u00e7izmeler, ya\u011fmur, kar ve so\u011fuk havalara kar\u015f\u0131 \u00fcst\u00fcn dayan\u0131kl\u0131l\u0131k g\u00f6sterir. Hakiki deriden \u00fcretilen modeller, su ge\u00e7irmez yap\u0131lar\u0131yla ayaklar\u0131 s\u0131cak ve kuru tutar. Bu \u00f6zellik, k\u0131\u015f mevsiminde konforlu ve sa\u011fl\u0131kl\u0131 bir kullan\u0131m sa\u011flar.<\/p>\n\n\n\n<p>Bir di\u011fer \u00f6nemli unsur dayan\u0131kl\u0131l\u0131kt\u0131r. Deri, do\u011fal yap\u0131s\u0131 gere\u011fi uzun \u00f6m\u00fcrl\u00fc bir malzemedir. Kaliteli bir deri \u00e7izme, y\u0131llarca formunu ve estetik g\u00f6r\u00fcn\u00fcm\u00fcn\u00fc koruyabilir. D\u00fczenli bak\u0131m yap\u0131ld\u0131\u011f\u0131nda, deri y\u00fczey parlakl\u0131\u011f\u0131n\u0131 yitirmez ve ilk g\u00fcnk\u00fc zarafetini s\u00fcrd\u00fcr\u00fcr.<\/p>\n\n\n\n<p>\u015e\u0131kl\u0131k y\u00f6n\u00fcyle de deri \u00e7izmeler, her d\u00f6nemin vazge\u00e7ilmez modas\u0131d\u0131r. Diz \u00fcst\u00fc, bilek boyu veya topuklu modeller farkl\u0131 kombinlerle kolayca uyum sa\u011flar. \u0130ster ofiste ister g\u00fcnl\u00fck ya\u015famda olsun, her ortamda zarif ve g\u00fc\u00e7l\u00fc bir g\u00f6r\u00fcn\u00fcm elde etmenizi sa\u011flar.<\/p>\n\n\n\n<p>Ayr\u0131ca konfor a\u00e7\u0131s\u0131ndan da b\u00fcy\u00fck \u00f6nem ta\u015f\u0131r. Deri malzeme nefes ald\u0131\u011f\u0131 i\u00e7in aya\u011f\u0131n terlemesini \u00f6nler ve uzun s\u00fcreli kullan\u0131mlarda bile rahatl\u0131k sunar.<\/p>\n\n\n\n<p>\u062e\u062a\u0627\u0645\u0627\u064b\u060c <strong>deri kad\u0131n \u00e7izme <\/strong>\u00f6nemi, sundu\u011fu dayan\u0131kl\u0131l\u0131k, koruma, estetik ve konforun m\u00fckemmel birle\u015fiminden gelir. Bu nedenle deri \u00e7izme, hem i\u015flevsel hem de stil sahibi kad\u0131nlar\u0131n vazge\u00e7ilmez tercihidir.<\/p>\n\n\n\n<h3 class=\"wp-block-heading\">Deri Kad\u0131n \u00c7izme Modelleri Nelerdir?<\/h3>\n\n\n<div class=\"wp-block-image\">\n<figure class=\"alignright size-large is-resized\"><img decoding=\"async\" width=\"1024\" height=\"536\" src=\"https:\/\/aymakoop.com.tr\/wp-content\/uploads\/2025\/10\/deri-kadin-cizme-3-1024x536.jpg\" alt=\"Deri Kad\u0131n \u00c7izme\" class=\"wp-image-16745\" style=\"width:456px;height:auto\" title=\"\" srcset=\"https:\/\/aymakoop.com.tr\/wp-content\/uploads\/2025\/10\/deri-kadin-cizme-3-1024x536.jpg 1024w, https:\/\/aymakoop.com.tr\/wp-content\/uploads\/2025\/10\/deri-kadin-cizme-3-300x157.jpg 300w, https:\/\/aymakoop.com.tr\/wp-content\/uploads\/2025\/10\/deri-kadin-cizme-3-768x402.jpg 768w, https:\/\/aymakoop.com.tr\/wp-content\/uploads\/2025\/10\/deri-kadin-cizme-3-18x9.jpg 18w, https:\/\/aymakoop.com.tr\/wp-content\/uploads\/2025\/10\/deri-kadin-cizme-3-700x366.jpg 700w, https:\/\/aymakoop.com.tr\/wp-content\/uploads\/2025\/10\/deri-kadin-cizme-3.jpg 1200w\" sizes=\"(max-width: 1024px) 100vw, 1024px\" \/><\/figure>\n<\/div>\n\n\n<p>K\u0131\u015f aylar\u0131n\u0131n vazge\u00e7ilmez par\u00e7alar\u0131ndan biri olan <strong>deri kad\u0131n \u00e7izme<\/strong> olduk\u00e7a pop\u00fclerdir. Hem \u015f\u0131kl\u0131\u011f\u0131 hem de dayan\u0131kl\u0131l\u0131\u011f\u0131yla her sezonun en g\u00f6zde ayakkab\u0131 modelleri aras\u0131nda yer al\u0131r. Farkl\u0131 tarzlara ve ihtiya\u00e7lara hitap eden bir\u00e7ok model se\u00e7ene\u011fi bulunur. Bu modeller, kad\u0131nlar\u0131n her ortamda zarif ve g\u00fc\u00e7l\u00fc bir duru\u015f sergilemesini sa\u011flar.<\/p>\n\n\n\n<p>En \u00e7ok tercih edilen modellerin ba\u015f\u0131nda diz \u00fcst\u00fc deri \u00e7izmeler gelir. Feminen bir g\u00f6r\u00fcn\u00fcm sunan bu modeller, elbise ve eteklerle kombinlendi\u011finde dikkat \u00e7ekici bir tarz yarat\u0131r. Uzun yap\u0131s\u0131 sayesinde bacaklar\u0131 s\u0131cak tutar ve so\u011fuk havalarda ekstra koruma sa\u011flar.<\/p>\n\n\n\n<p>Diz alt\u0131 deri \u00e7izmeler, hem klasik hem de modern giyim tarz\u0131na uyum sa\u011flar. G\u00fcnl\u00fck kullan\u0131ma uygun olan bu modeller, rahat kal\u0131plar\u0131yla konfor sunarken zarif duru\u015fuyla da \u015f\u0131kl\u0131\u011f\u0131 tamamlar.<\/p>\n\n\n\n<p>Bilek boy deri \u00e7izmeler ise en \u00e7ok tercih edilen modellerden biridir. Hem pantolonlarla hem de eteklerle kolayca kombinlenebilir. D\u00fcz tabanl\u0131, topuklu veya kal\u0131n tabanl\u0131 versiyonlar\u0131yla her tarza hitap eder.<\/p>\n\n\n\n<p>\u015e\u0131k bir g\u00f6r\u00fcn\u00fcm isteyenler i\u00e7in topuklu deri \u00e7izmeler idealdir. Klasik kombinleri zarif bir \u015fekilde tamamlar ve bacak boyunu uzun g\u00f6sterir.<\/p>\n\n\n\n<p>Ayr\u0131ca nubuk veya s\u00fcet deri \u00e7izmeler, yumu\u015fak dokusu ve modern g\u00f6r\u00fcn\u00fcm\u00fcyle son y\u0131llarda olduk\u00e7a pop\u00fcler hale gelmi\u015ftir.<\/p>\n\n\n\n<p><strong>Deri kad\u0131n \u00e7izme<\/strong> modelleri, farkl\u0131 boy, renk ve tasar\u0131m se\u00e7enekleriyle her zevke alternatif sunar. Hem s\u0131cak tutan hem de tarz\u0131n\u0131z\u0131 \u00f6ne \u00e7\u0131karan bu modeller, k\u0131\u015f modas\u0131n\u0131n en \u00f6zel par\u00e7alar\u0131ndand\u0131r.<\/p>\n\n\n\n<h3 class=\"wp-block-heading\">Deri Kad\u0131n \u00c7izme Se\u00e7iminde Nelere Dikkat Edilmeli?<\/h3>\n\n\n\n<p>K\u0131\u015f aylar\u0131nda hem tarz\u0131 tamamlayan hem de ayaklar\u0131 d\u0131\u015f etkenlerden koruyan deri \u00e7izme olduk\u00e7a i\u015flevseldir. Do\u011fru se\u00e7ildi\u011finde uzun y\u0131llar boyunca kullan\u0131labilir. Ancak kaliteli, rahat ve \u015f\u0131k bir \u00e7izme se\u00e7mek i\u00e7in baz\u0131 \u00f6nemli detaylara dikkat etmek gerekir.<\/p>\n\n\n\n<p>\u0130lk olarak deri kalitesi en \u00f6nemli kriterlerden biridir. Hakiki deri, dayan\u0131kl\u0131l\u0131\u011f\u0131 ve nefes alabilen yap\u0131s\u0131yla \u00f6ne \u00e7\u0131kar. Sentetik materyaller k\u0131sa s\u00fcrede deformasyona u\u011frayabilir ve aya\u011f\u0131 terletebilir. Bu nedenle hakiki deriden \u00fcretilmi\u015f \u00e7izmeler, uzun \u00f6m\u00fcrl\u00fc ve konforlu bir kullan\u0131m sa\u011flar.<\/p>\n\n\n\n<p>Bir di\u011fer \u00f6nemli nokta taban yap\u0131s\u0131d\u0131r. K\u0131\u015f aylar\u0131nda kaygan zeminlerde g\u00fcvenli bir y\u00fcr\u00fcy\u00fc\u015f i\u00e7in kaymaz ve esnek tabanl\u0131 modeller tercih edilmelidir. Kal\u0131n tabanl\u0131 veya di\u015fli taban yap\u0131s\u0131na sahip \u00e7izmeler, zorlu hava ko\u015fullar\u0131nda ekstra denge sa\u011flar.<\/p>\n\n\n\n<p>\u0130\u00e7 astar ve kal\u0131p rahatl\u0131\u011f\u0131 da dikkat edilmesi gereken bir di\u011fer unsurdur. Yumu\u015fak astarl\u0131, ortopedik destekli \u00e7izmeler uzun s\u00fcreli kullan\u0131mlarda bile aya\u011f\u0131 yormaz. Ayr\u0131ca ayak yap\u0131n\u0131za uygun kal\u0131p se\u00e7mek, hem konfor hem de duru\u015f a\u00e7\u0131s\u0131ndan \u00f6nemlidir.<\/p>\n\n\n\n<p>Model se\u00e7imi de kullan\u0131m amac\u0131na g\u00f6re yap\u0131lmal\u0131d\u0131r. G\u00fcnl\u00fck kombinler i\u00e7in d\u00fcz tabanl\u0131 veya k\u0131sa topuklu modeller tercih edilir. \u00d6zel g\u00fcnlerde ise topuklu veya diz \u00fcst\u00fc modeller \u015f\u0131kl\u0131\u011f\u0131 \u00f6n plana \u00e7\u0131kar\u0131r.<\/p>\n\n\n\n<p>Son olarak, renk ve tarz uyumu g\u00f6z ard\u0131 edilmemelidir. Siyah, kahverengi ve bej tonlar\u0131 her kombine kolayca uyum sa\u011flar. Do\u011fru model ve kaliteli malzeme se\u00e7imiyle <strong>deri kad\u0131n \u00e7izme<\/strong>, hem \u015f\u0131kl\u0131\u011f\u0131 hem de konforu bir arada sunar.<\/p>","protected":false},"excerpt":{"rendered":"<p>K\u0131\u015f modas\u0131n\u0131n en g\u00f6z al\u0131c\u0131 par\u00e7alar\u0131ndan biri olan deri kad\u0131n \u00e7izme, zarafeti, konforu ve dayan\u0131kl\u0131l\u0131\u011f\u0131 bir araya getirir. So\u011fuk havalarda hem \u015f\u0131k g\u00f6r\u00fcnmek hem de ayaklar\u0131 s\u0131cak tutmak isteyen kad\u0131nlar i\u00e7in en ideal tercihlerden biridir. Deri Kad\u0131n \u00c7izme Avantajlar\u0131 Nelerdir? K\u0131\u015f aylar\u0131nda hem \u015f\u0131kl\u0131k hem de koruma arayan kad\u0131nlar i\u00e7in deri \u00e7izmeler en ideal tercihlerden [&hellip;]<\/p>","protected":false},"author":1,"featured_media":16747,"comment_status":"closed","ping_status":"open","sticky":false,"template":"","format":"standard","meta":{"footnotes":""},"categories":[1],"tags":[],"class_list":["post-16743","post","type-post","status-publish","format-standard","has-post-thumbnail","hentry","category-genel"],"_links":{"self":[{"href":"https:\/\/aymakoop.com.tr\/ar\/wp-json\/wp\/v2\/posts\/16743","targetHints":{"allow":["GET"]}}],"collection":[{"href":"https:\/\/aymakoop.com.tr\/ar\/wp-json\/wp\/v2\/posts"}],"about":[{"href":"https:\/\/aymakoop.com.tr\/ar\/wp-json\/wp\/v2\/types\/post"}],"author":[{"embeddable":true,"href":"https:\/\/aymakoop.com.tr\/ar\/wp-json\/wp\/v2\/users\/1"}],"replies":[{"embeddable":true,"href":"https:\/\/aymakoop.com.tr\/ar\/wp-json\/wp\/v2\/comments?post=16743"}],"version-history":[{"count":2,"href":"https:\/\/aymakoop.com.tr\/ar\/wp-json\/wp\/v2\/posts\/16743\/revisions"}],"predecessor-version":[{"id":16748,"href":"https:\/\/aymakoop.com.tr\/ar\/wp-json\/wp\/v2\/posts\/16743\/revisions\/16748"}],"wp:featuredmedia":[{"embeddable":true,"href":"https:\/\/aymakoop.com.tr\/ar\/wp-json\/wp\/v2\/media\/16747"}],"wp:attachment":[{"href":"https:\/\/aymakoop.com.tr\/ar\/wp-json\/wp\/v2\/media?parent=16743"}],"wp:term":[{"taxonomy":"category","embeddable":true,"href":"https:\/\/aymakoop.com.tr\/ar\/wp-json\/wp\/v2\/categories?post=16743"},{"taxonomy":"post_tag","embeddable":true,"href":"https:\/\/aymakoop.com.tr\/ar\/wp-json\/wp\/v2\/tags?post=16743"}],"curies":[{"name":"wp","href":"https:\/\/api.w.org\/{rel}","templated":true}]}}